
{"id":17172,"date":"2017-07-23T18:44:26","date_gmt":"2017-07-23T18:44:26","guid":{"rendered":"https:\/\/www.lejournalduforkane.com\/?p=17172"},"modified":"2017-07-23T18:44:26","modified_gmt":"2017-07-23T18:44:26","slug":"video-les-londoniens-se-sont-retrouves-dans-les-rues-de-la-capitale-pour-protester-contre-loccupation-illegale-de-la-palestine-et-pour-soutenir-le-peuple-palestinien","status":"publish","type":"post","link":"https:\/\/www.lejournalduforkane.com\/index.php\/video-les-londoniens-se-sont-retrouves-dans-les-rues-de-la-capitale-pour-protester-contre-loccupation-illegale-de-la-palestine-et-pour-soutenir-le-peuple-palestinien\/","title":{"rendered":"[Vid\u00e9o] | Les Londoniens se sont retrouv\u00e9s dans les rues de la capitale pour protester contre l&rsquo;occupation ill\u00e9gale de la Palestine et pour soutenir le peuple palestinien"},"content":{"rendered":"<p><!--more--><\/p>\n<p><iframe loading=\"lazy\" src=\"https:\/\/www.youtube.com\/embed\/4LOldr6Jzag\" width=\"560\" height=\"315\" frameborder=\"0\" allowfullscreen=\"allowfullscreen\"><\/iframe><\/p>\n","protected":false},"excerpt":{"rendered":"","protected":false},"author":2,"featured_media":0,"comment_status":"closed","ping_status":"open","sticky":false,"template":"","format":"standard","meta":[],"categories":[49],"tags":[],"_links":{"self":[{"href":"https:\/\/www.lejournalduforkane.com\/index.php\/wp-json\/wp\/v2\/posts\/17172"}],"collection":[{"href":"https:\/\/www.lejournalduforkane.com\/index.php\/wp-json\/wp\/v2\/posts"}],"about":[{"href":"https:\/\/www.lejournalduforkane.com\/index.php\/wp-json\/wp\/v2\/types\/post"}],"author":[{"embeddable":true,"href":"https:\/\/www.lejournalduforkane.com\/index.php\/wp-json\/wp\/v2\/users\/2"}],"replies":[{"embeddable":true,"href":"https:\/\/www.lejournalduforkane.com\/index.php\/wp-json\/wp\/v2\/comments?post=17172"}],"version-history":[{"count":1,"href":"https:\/\/www.lejournalduforkane.com\/index.php\/wp-json\/wp\/v2\/posts\/17172\/revisions"}],"predecessor-version":[{"id":17174,"href":"https:\/\/www.lejournalduforkane.com\/index.php\/wp-json\/wp\/v2\/posts\/17172\/revisions\/17174"}],"wp:attachment":[{"href":"https:\/\/www.lejournalduforkane.com\/index.php\/wp-json\/wp\/v2\/media?parent=17172"}],"wp:term":[{"taxonomy":"category","embeddable":true,"href":"https:\/\/www.lejournalduforkane.com\/index.php\/wp-json\/wp\/v2\/categories?post=17172"},{"taxonomy":"post_tag","embeddable":true,"href":"https:\/\/www.lejournalduforkane.com\/index.php\/wp-json\/wp\/v2\/tags?post=17172"}],"curies":[{"name":"wp","href":"https:\/\/api.w.org\/{rel}","templated":true}]}}