
{"id":17250,"date":"2017-07-29T04:50:40","date_gmt":"2017-07-29T04:50:40","guid":{"rendered":"https:\/\/www.lejournalduforkane.com\/?p=17250"},"modified":"2017-07-29T04:50:40","modified_gmt":"2017-07-29T04:50:40","slug":"voici-des-images-magnifiques-des-manifestations-a-al-qods-jerusalem","status":"publish","type":"post","link":"https:\/\/www.lejournalduforkane.com\/index.php\/voici-des-images-magnifiques-des-manifestations-a-al-qods-jerusalem\/","title":{"rendered":"Voici des images MAGNIFIQUES des manifestations \u00e0 Al-Qods (J\u00e9rusalem)"},"content":{"rendered":"<p><!--more--><\/p>\n<p style=\"text-align: justify;\">L&rsquo;Etat sioniste tente actuellement de renforcer la juda\u00efsation d&rsquo;Al-Qods. Ce qui en droit international n&rsquo;est rien d&rsquo;autre que du nettoyage ethnique (destructions des maisons palestiniennes, colonisations, destructions de mosqu\u00e9es et de cimeti\u00e8res palestiniens etc.).<\/p>\n<p style=\"text-align: justify;\">Voici donc des images des manifestations qui ont eues lieu ces derniers jours. On y voit des fid\u00e8les en pri\u00e8re \u00e0 la porte des Lions qui s\u2019appelle en r\u00e9alit\u00e9 Bab-al-Asbat \u00ab porte des Tribus \u00bb encore appel\u00e9 Bab-Sayedinna-Mariam en l&rsquo;honneur de la Vierge Marie.<\/p>\n<p><iframe loading=\"lazy\" src=\"https:\/\/www.youtube.com\/embed\/aug-iAdHr1M\" width=\"560\" height=\"315\" frameborder=\"0\" allowfullscreen=\"allowfullscreen\"><\/iframe><\/p>\n","protected":false},"excerpt":{"rendered":"L'Etat sioniste tente actuellement de renforcer la juda\u00efsation d'Al-Qods. Ce qui en droit international n'est rien d'autre que du nettoyage ethnique (destructions des maisons palestiniennes, colonisations, destructions de mosqu\u00e9es et","protected":false},"author":2,"featured_media":0,"comment_status":"closed","ping_status":"open","sticky":false,"template":"","format":"standard","meta":[],"categories":[49],"tags":[],"_links":{"self":[{"href":"https:\/\/www.lejournalduforkane.com\/index.php\/wp-json\/wp\/v2\/posts\/17250"}],"collection":[{"href":"https:\/\/www.lejournalduforkane.com\/index.php\/wp-json\/wp\/v2\/posts"}],"about":[{"href":"https:\/\/www.lejournalduforkane.com\/index.php\/wp-json\/wp\/v2\/types\/post"}],"author":[{"embeddable":true,"href":"https:\/\/www.lejournalduforkane.com\/index.php\/wp-json\/wp\/v2\/users\/2"}],"replies":[{"embeddable":true,"href":"https:\/\/www.lejournalduforkane.com\/index.php\/wp-json\/wp\/v2\/comments?post=17250"}],"version-history":[{"count":1,"href":"https:\/\/www.lejournalduforkane.com\/index.php\/wp-json\/wp\/v2\/posts\/17250\/revisions"}],"predecessor-version":[{"id":17252,"href":"https:\/\/www.lejournalduforkane.com\/index.php\/wp-json\/wp\/v2\/posts\/17250\/revisions\/17252"}],"wp:attachment":[{"href":"https:\/\/www.lejournalduforkane.com\/index.php\/wp-json\/wp\/v2\/media?parent=17250"}],"wp:term":[{"taxonomy":"category","embeddable":true,"href":"https:\/\/www.lejournalduforkane.com\/index.php\/wp-json\/wp\/v2\/categories?post=17250"},{"taxonomy":"post_tag","embeddable":true,"href":"https:\/\/www.lejournalduforkane.com\/index.php\/wp-json\/wp\/v2\/tags?post=17250"}],"curies":[{"name":"wp","href":"https:\/\/api.w.org\/{rel}","templated":true}]}}