
{"id":17300,"date":"2017-07-30T18:14:53","date_gmt":"2017-07-30T18:14:53","guid":{"rendered":"https:\/\/www.lejournalduforkane.com\/?p=17300"},"modified":"2017-07-30T18:14:53","modified_gmt":"2017-07-30T18:14:53","slug":"regardez-la-courageuse-armee-israelienne-qui-ne-peut-attaquer-que-les-femmes-et-elle-ne-peut-meme-pas-tolerer-les-journalistes","status":"publish","type":"post","link":"https:\/\/www.lejournalduforkane.com\/index.php\/regardez-la-courageuse-armee-israelienne-qui-ne-peut-attaquer-que-les-femmes-et-elle-ne-peut-meme-pas-tolerer-les-journalistes\/","title":{"rendered":"Regardez la \u00ab\u00a0courageuse\u00a0\u00bb arm\u00e9e isra\u00e9lienne qui ne peut attaquer que les femmes, et elle ne peut m\u00eame pas tol\u00e9rer les journalistes&#8230;."},"content":{"rendered":"<p><!--more--><br \/>\n<iframe loading=\"lazy\" src=\"https:\/\/www.youtube.com\/embed\/rWRXn3Gv_cQ\" width=\"560\" height=\"315\" frameborder=\"0\" allowfullscreen=\"allowfullscreen\"><\/iframe><\/p>\n","protected":false},"excerpt":{"rendered":"","protected":false},"author":2,"featured_media":0,"comment_status":"closed","ping_status":"open","sticky":false,"template":"","format":"standard","meta":[],"categories":[49],"tags":[],"_links":{"self":[{"href":"https:\/\/www.lejournalduforkane.com\/index.php\/wp-json\/wp\/v2\/posts\/17300"}],"collection":[{"href":"https:\/\/www.lejournalduforkane.com\/index.php\/wp-json\/wp\/v2\/posts"}],"about":[{"href":"https:\/\/www.lejournalduforkane.com\/index.php\/wp-json\/wp\/v2\/types\/post"}],"author":[{"embeddable":true,"href":"https:\/\/www.lejournalduforkane.com\/index.php\/wp-json\/wp\/v2\/users\/2"}],"replies":[{"embeddable":true,"href":"https:\/\/www.lejournalduforkane.com\/index.php\/wp-json\/wp\/v2\/comments?post=17300"}],"version-history":[{"count":1,"href":"https:\/\/www.lejournalduforkane.com\/index.php\/wp-json\/wp\/v2\/posts\/17300\/revisions"}],"predecessor-version":[{"id":17302,"href":"https:\/\/www.lejournalduforkane.com\/index.php\/wp-json\/wp\/v2\/posts\/17300\/revisions\/17302"}],"wp:attachment":[{"href":"https:\/\/www.lejournalduforkane.com\/index.php\/wp-json\/wp\/v2\/media?parent=17300"}],"wp:term":[{"taxonomy":"category","embeddable":true,"href":"https:\/\/www.lejournalduforkane.com\/index.php\/wp-json\/wp\/v2\/categories?post=17300"},{"taxonomy":"post_tag","embeddable":true,"href":"https:\/\/www.lejournalduforkane.com\/index.php\/wp-json\/wp\/v2\/tags?post=17300"}],"curies":[{"name":"wp","href":"https:\/\/api.w.org\/{rel}","templated":true}]}}