
{"id":17331,"date":"2017-07-31T18:43:34","date_gmt":"2017-07-31T18:43:34","guid":{"rendered":"https:\/\/www.lejournalduforkane.com\/?p=17331"},"modified":"2017-07-31T18:43:34","modified_gmt":"2017-07-31T18:43:34","slug":"gaza-une-prison-ou-les-detenus-sont-des-peres-des-meres-et-des-enfants","status":"publish","type":"post","link":"https:\/\/www.lejournalduforkane.com\/index.php\/gaza-une-prison-ou-les-detenus-sont-des-peres-des-meres-et-des-enfants\/","title":{"rendered":"Gaza, une prison o\u00f9 les d\u00e9tenus sont des p\u00e8res, des m\u00e8res et des enfants"},"content":{"rendered":"<p><!--more--><\/p>\n<p style=\"text-align: justify;\"><span class=\"_5yl5\">Les bombes isra\u00e9liennes, les drones isra\u00e9liens, les coupures de courant impos\u00e9es par Isra\u00ebl. Et aucune possibilit\u00e9 de partir. La vie quotidienne \u00e0 Gaza est fa\u00e7onn\u00e9e par la politique isra\u00e9lienne, qui a transform\u00e9 l&rsquo;enclave c\u00f4ti\u00e8re en une prison o\u00f9 les d\u00e9tenus sont des p\u00e8res, des m\u00e8res et des enfants dont le seul crime est de na\u00eetre \u00e0 Gaza.<\/span><\/p>\n<p style=\"text-align: justify;\"><span class=\"_5yl5\"> Vous imaginez la vie comme \u00e7a ?<\/span><\/p>\n<p><iframe loading=\"lazy\" src=\"https:\/\/www.youtube.com\/embed\/jxbov-RoYd4\" width=\"560\" height=\"315\" frameborder=\"0\" allowfullscreen=\"allowfullscreen\"><\/iframe><\/p>\n","protected":false},"excerpt":{"rendered":"Les bombes isra\u00e9liennes, les drones isra\u00e9liens, les coupures de courant impos\u00e9es par Isra\u00ebl. Et aucune possibilit\u00e9 de partir. La vie quotidienne \u00e0 Gaza est fa\u00e7onn\u00e9e par la politique isra\u00e9lienne, qui","protected":false},"author":2,"featured_media":0,"comment_status":"closed","ping_status":"open","sticky":false,"template":"","format":"standard","meta":[],"categories":[49],"tags":[],"_links":{"self":[{"href":"https:\/\/www.lejournalduforkane.com\/index.php\/wp-json\/wp\/v2\/posts\/17331"}],"collection":[{"href":"https:\/\/www.lejournalduforkane.com\/index.php\/wp-json\/wp\/v2\/posts"}],"about":[{"href":"https:\/\/www.lejournalduforkane.com\/index.php\/wp-json\/wp\/v2\/types\/post"}],"author":[{"embeddable":true,"href":"https:\/\/www.lejournalduforkane.com\/index.php\/wp-json\/wp\/v2\/users\/2"}],"replies":[{"embeddable":true,"href":"https:\/\/www.lejournalduforkane.com\/index.php\/wp-json\/wp\/v2\/comments?post=17331"}],"version-history":[{"count":1,"href":"https:\/\/www.lejournalduforkane.com\/index.php\/wp-json\/wp\/v2\/posts\/17331\/revisions"}],"predecessor-version":[{"id":17333,"href":"https:\/\/www.lejournalduforkane.com\/index.php\/wp-json\/wp\/v2\/posts\/17331\/revisions\/17333"}],"wp:attachment":[{"href":"https:\/\/www.lejournalduforkane.com\/index.php\/wp-json\/wp\/v2\/media?parent=17331"}],"wp:term":[{"taxonomy":"category","embeddable":true,"href":"https:\/\/www.lejournalduforkane.com\/index.php\/wp-json\/wp\/v2\/categories?post=17331"},{"taxonomy":"post_tag","embeddable":true,"href":"https:\/\/www.lejournalduforkane.com\/index.php\/wp-json\/wp\/v2\/tags?post=17331"}],"curies":[{"name":"wp","href":"https:\/\/api.w.org\/{rel}","templated":true}]}}