
{"id":17344,"date":"2017-08-02T18:53:08","date_gmt":"2017-08-02T18:53:08","guid":{"rendered":"https:\/\/www.lejournalduforkane.com\/?p=17344"},"modified":"2017-08-02T19:03:48","modified_gmt":"2017-08-02T19:03:48","slug":"faim-malnutrition-et-cholera-sont-les-consequences-devastatrices-pour-les-enfants-du-yemen-en-raison-du-blocus-impose-par-les-usa-larabie-saoudite-et-les-pays-du-golfe","status":"publish","type":"post","link":"https:\/\/www.lejournalduforkane.com\/index.php\/faim-malnutrition-et-cholera-sont-les-consequences-devastatrices-pour-les-enfants-du-yemen-en-raison-du-blocus-impose-par-les-usa-larabie-saoudite-et-les-pays-du-golfe\/","title":{"rendered":"Faim, malnutrition et chol\u00e9ra sont les cons\u00e9quences d\u00e9vastatrices pour les enfants du Y\u00e9men en raison du blocus impos\u00e9 par les USA, l&rsquo;Arabie Saoudite et les pays du golfe !!!"},"content":{"rendered":"<p><!--more--><\/p>\n<p><iframe loading=\"lazy\" src=\"https:\/\/www.youtube.com\/embed\/_b_R644jFVQ\" width=\"560\" height=\"315\" frameborder=\"0\" allowfullscreen=\"allowfullscreen\"><\/iframe><\/p>\n","protected":false},"excerpt":{"rendered":"","protected":false},"author":2,"featured_media":0,"comment_status":"closed","ping_status":"open","sticky":false,"template":"","format":"standard","meta":[],"categories":[49],"tags":[],"_links":{"self":[{"href":"https:\/\/www.lejournalduforkane.com\/index.php\/wp-json\/wp\/v2\/posts\/17344"}],"collection":[{"href":"https:\/\/www.lejournalduforkane.com\/index.php\/wp-json\/wp\/v2\/posts"}],"about":[{"href":"https:\/\/www.lejournalduforkane.com\/index.php\/wp-json\/wp\/v2\/types\/post"}],"author":[{"embeddable":true,"href":"https:\/\/www.lejournalduforkane.com\/index.php\/wp-json\/wp\/v2\/users\/2"}],"replies":[{"embeddable":true,"href":"https:\/\/www.lejournalduforkane.com\/index.php\/wp-json\/wp\/v2\/comments?post=17344"}],"version-history":[{"count":1,"href":"https:\/\/www.lejournalduforkane.com\/index.php\/wp-json\/wp\/v2\/posts\/17344\/revisions"}],"predecessor-version":[{"id":17346,"href":"https:\/\/www.lejournalduforkane.com\/index.php\/wp-json\/wp\/v2\/posts\/17344\/revisions\/17346"}],"wp:attachment":[{"href":"https:\/\/www.lejournalduforkane.com\/index.php\/wp-json\/wp\/v2\/media?parent=17344"}],"wp:term":[{"taxonomy":"category","embeddable":true,"href":"https:\/\/www.lejournalduforkane.com\/index.php\/wp-json\/wp\/v2\/categories?post=17344"},{"taxonomy":"post_tag","embeddable":true,"href":"https:\/\/www.lejournalduforkane.com\/index.php\/wp-json\/wp\/v2\/tags?post=17344"}],"curies":[{"name":"wp","href":"https:\/\/api.w.org\/{rel}","templated":true}]}}