
{"id":17347,"date":"2017-08-02T19:01:03","date_gmt":"2017-08-02T19:01:03","guid":{"rendered":"https:\/\/www.lejournalduforkane.com\/?p=17347"},"modified":"2017-08-02T19:01:03","modified_gmt":"2017-08-02T19:01:03","slug":"video-exclusive-les-dernieres-scenes-de-combat-avant-la-liberation-de-mossoul","status":"publish","type":"post","link":"https:\/\/www.lejournalduforkane.com\/index.php\/video-exclusive-les-dernieres-scenes-de-combat-avant-la-liberation-de-mossoul\/","title":{"rendered":"VID\u00c9O EXCLUSIVE : Les derni\u00e8res sc\u00e8nes de combat avant la lib\u00e9ration de Mossoul"},"content":{"rendered":"<p><!--more--><br \/>\n<iframe loading=\"lazy\" src=\"https:\/\/www.youtube.com\/embed\/yeVfvRjxWxk\" width=\"560\" height=\"315\" frameborder=\"0\" allowfullscreen=\"allowfullscreen\"><\/iframe><\/p>\n","protected":false},"excerpt":{"rendered":"","protected":false},"author":2,"featured_media":0,"comment_status":"closed","ping_status":"open","sticky":false,"template":"","format":"standard","meta":[],"categories":[49],"tags":[],"_links":{"self":[{"href":"https:\/\/www.lejournalduforkane.com\/index.php\/wp-json\/wp\/v2\/posts\/17347"}],"collection":[{"href":"https:\/\/www.lejournalduforkane.com\/index.php\/wp-json\/wp\/v2\/posts"}],"about":[{"href":"https:\/\/www.lejournalduforkane.com\/index.php\/wp-json\/wp\/v2\/types\/post"}],"author":[{"embeddable":true,"href":"https:\/\/www.lejournalduforkane.com\/index.php\/wp-json\/wp\/v2\/users\/2"}],"replies":[{"embeddable":true,"href":"https:\/\/www.lejournalduforkane.com\/index.php\/wp-json\/wp\/v2\/comments?post=17347"}],"version-history":[{"count":1,"href":"https:\/\/www.lejournalduforkane.com\/index.php\/wp-json\/wp\/v2\/posts\/17347\/revisions"}],"predecessor-version":[{"id":17349,"href":"https:\/\/www.lejournalduforkane.com\/index.php\/wp-json\/wp\/v2\/posts\/17347\/revisions\/17349"}],"wp:attachment":[{"href":"https:\/\/www.lejournalduforkane.com\/index.php\/wp-json\/wp\/v2\/media?parent=17347"}],"wp:term":[{"taxonomy":"category","embeddable":true,"href":"https:\/\/www.lejournalduforkane.com\/index.php\/wp-json\/wp\/v2\/categories?post=17347"},{"taxonomy":"post_tag","embeddable":true,"href":"https:\/\/www.lejournalduforkane.com\/index.php\/wp-json\/wp\/v2\/tags?post=17347"}],"curies":[{"name":"wp","href":"https:\/\/api.w.org\/{rel}","templated":true}]}}