
{"id":17352,"date":"2019-01-02T17:36:49","date_gmt":"2019-01-02T17:36:49","guid":{"rendered":"https:\/\/www.lejournalduforkane.com\/?p=17352"},"modified":"2019-01-21T19:53:38","modified_gmt":"2019-01-21T19:53:38","slug":"la-chute-de-la-maison-des-saouds-1","status":"publish","type":"post","link":"https:\/\/www.lejournalduforkane.com\/index.php\/la-chute-de-la-maison-des-saouds-1\/","title":{"rendered":"La chute de la maison des Saouds (1)"},"content":{"rendered":"<p style=\"text-align: justify;\"><!--more--><\/p>\n<p style=\"text-align: justify;\">La chute d\u2019une grue refl\u00e8te l\u2019irresponsabilit\u00e9 et l\u2019incomp\u00e9tence des Saouds\u00a0: faire des travaux en plein grand p\u00e8lerinage.\u00a0 S\u2019ensuit le massacre organis\u00e9 de Mina \u00e0 la Mecque pendant le Hajj. C\u2019est \u00e0 se demander si ces provocations sont volontaires. C\u2019est un des actes de soumission apport\u00e9s par la famille saoudienne pour \u00e9viter l\u2019effondrement de la maison Saouds. La mort du roi Abdallah est un premier signe, les attentats qui viennent contre les lieux saints en sont un autre.<\/p>\n<p style=\"text-align: justify;\">L\u2019Arabie de Salman abuse de la ferveur des croyants qui croient sinc\u00e8rement qu\u2019en mourant aux Lieux saints, ils iront au Paradis. Le roi ne veut rien changer et pers\u00e9cute les Musulmans. La vil\u00e9nie n\u2019a pas de limite chez les Saouds. D\u2019autant qu\u2019en provoquant le massacre de Mina, il y a en plus 464 morts iraniens. Et tous les morts n\u2019ont pas \u00e9t\u00e9 rendus. C\u2019est de l\u2019inconscience quand on sait que le p\u00e8lerinage rapporte chaque ann\u00e9e 37 milliards de dollars, c\u2019est la deuxi\u00e8me richesse du pays apr\u00e8s les hydrocarbures.<\/p>\n<p style=\"text-align: justify;\">D\u00e9j\u00e0 l\u2019Arabie avait refus\u00e9 le si\u00e8ge de membre non-permanent du Conseil de s\u00e9curit\u00e9 \u00e0 cause de ce que le gouvernement syrien perp\u00e9trait \u00ab\u00a0au vu et au su de tous\u00a0\u00bb. Que se passera-t-il lorsque l\u2019Arabie sera \u00e0 cours d\u2019imagination pour se prostituer devant le programme d\u2019Isra\u00ebl\u00a0? D\u2019autant que ses moyens financiers sont en d\u00e9clin\u00a0: en 2015, son d\u00e9ficit se monte \u00e0 98 milliards de dollars et en 2016, on pr\u00e9voit 87 milliards.<\/p>\n<p style=\"text-align: justify;\">L\u2019Arabie est dans la ligne de mire d\u2019Isra\u00ebl. La formation d\u2019une coalition islamique bas\u00e9e \u00e0 Riyad de 34 pays est critiqu\u00e9e m\u00eame si elle servira les int\u00e9r\u00eats \u00e9trangers \u00e0 l\u2019Islam. Pour les Iraniens, cela n\u2019est pas s\u00e9rieux puisque \u00ab\u00a0les dirigeants sont les principaux soutiens aux terroristes\u00a0\u00bb. Le Ministre des affaires \u00e9trang\u00e8res allemand dit que l\u2019id\u00e9ologie extr\u00e9miste alimente le terrorisme qui vient d\u2019Arabie.<\/p>\n<p style=\"text-align: justify;\">Le Parlement europ\u00e9en offre le prix Sakharov \u00e0 la femme d\u2019un jeune condamn\u00e9 \u00e0 1000 coups de fouet. La pression occidentale pousse les autorit\u00e9s \u00e0 s\u2019arr\u00eater \u00e0 50 coups de fouet pour l\u2019instant. Daesh qui est une composante du syst\u00e8me comme l\u2019Arabie jusqu\u2019ici, menace d\u2019attaque et d\u2019insurrection dans le pays. Notons l\u2019hypocrisie occidentale\u00a0: le sheikh Nimr al-Nimr ex\u00e9cut\u00e9 pour ses mots\u00a0: \u00ab\u00a0je n\u2019ai jamais senti un sentiment de s\u00e9curit\u00e9 et de libert\u00e9 dans ce pays\u00a0\u00bb.<\/p>\n<p style=\"text-align: justify;\">\n","protected":false},"excerpt":{"rendered":"La chute d\u2019une grue refl\u00e8te l\u2019irresponsabilit\u00e9 et l\u2019incomp\u00e9tence des Saouds\u00a0: faire des travaux en plein grand p\u00e8lerinage.\u00a0 S\u2019ensuit le massacre organis\u00e9 de Mina \u00e0 la Mecque pendant le Hajj. C\u2019est","protected":false},"author":2,"featured_media":0,"comment_status":"closed","ping_status":"open","sticky":false,"template":"","format":"standard","meta":[],"categories":[],"tags":[],"_links":{"self":[{"href":"https:\/\/www.lejournalduforkane.com\/index.php\/wp-json\/wp\/v2\/posts\/17352"}],"collection":[{"href":"https:\/\/www.lejournalduforkane.com\/index.php\/wp-json\/wp\/v2\/posts"}],"about":[{"href":"https:\/\/www.lejournalduforkane.com\/index.php\/wp-json\/wp\/v2\/types\/post"}],"author":[{"embeddable":true,"href":"https:\/\/www.lejournalduforkane.com\/index.php\/wp-json\/wp\/v2\/users\/2"}],"replies":[{"embeddable":true,"href":"https:\/\/www.lejournalduforkane.com\/index.php\/wp-json\/wp\/v2\/comments?post=17352"}],"version-history":[{"count":2,"href":"https:\/\/www.lejournalduforkane.com\/index.php\/wp-json\/wp\/v2\/posts\/17352\/revisions"}],"predecessor-version":[{"id":19066,"href":"https:\/\/www.lejournalduforkane.com\/index.php\/wp-json\/wp\/v2\/posts\/17352\/revisions\/19066"}],"wp:attachment":[{"href":"https:\/\/www.lejournalduforkane.com\/index.php\/wp-json\/wp\/v2\/media?parent=17352"}],"wp:term":[{"taxonomy":"category","embeddable":true,"href":"https:\/\/www.lejournalduforkane.com\/index.php\/wp-json\/wp\/v2\/categories?post=17352"},{"taxonomy":"post_tag","embeddable":true,"href":"https:\/\/www.lejournalduforkane.com\/index.php\/wp-json\/wp\/v2\/tags?post=17352"}],"curies":[{"name":"wp","href":"https:\/\/api.w.org\/{rel}","templated":true}]}}