
{"id":17358,"date":"2017-08-04T18:47:35","date_gmt":"2017-08-04T18:47:35","guid":{"rendered":"https:\/\/www.lejournalduforkane.com\/?p=17358"},"modified":"2017-08-04T18:47:35","modified_gmt":"2017-08-04T18:47:35","slug":"narretez-jamais-de-partager-cette-video-montrez-au-monde-la-brutalite-de-larmee-doccupation-israelienne-contre-les-serviteurs-palestiniens-sans-defense","status":"publish","type":"post","link":"https:\/\/www.lejournalduforkane.com\/index.php\/narretez-jamais-de-partager-cette-video-montrez-au-monde-la-brutalite-de-larmee-doccupation-israelienne-contre-les-serviteurs-palestiniens-sans-defense\/","title":{"rendered":"N&rsquo;arr\u00eatez jamais de partager cette vid\u00e9o ! Montrez au monde la brutalit\u00e9 de l&rsquo;arm\u00e9e d&rsquo;occupation isra\u00e9lienne contre les serviteurs palestiniens sans d\u00e9fense"},"content":{"rendered":"<p><!--more--><br \/>\n<iframe loading=\"lazy\" src=\"https:\/\/www.youtube.com\/embed\/65e19wcHI7w\" width=\"560\" height=\"315\" frameborder=\"0\" allowfullscreen=\"allowfullscreen\"><\/iframe><\/p>\n","protected":false},"excerpt":{"rendered":"","protected":false},"author":2,"featured_media":0,"comment_status":"closed","ping_status":"open","sticky":false,"template":"","format":"standard","meta":[],"categories":[49],"tags":[],"_links":{"self":[{"href":"https:\/\/www.lejournalduforkane.com\/index.php\/wp-json\/wp\/v2\/posts\/17358"}],"collection":[{"href":"https:\/\/www.lejournalduforkane.com\/index.php\/wp-json\/wp\/v2\/posts"}],"about":[{"href":"https:\/\/www.lejournalduforkane.com\/index.php\/wp-json\/wp\/v2\/types\/post"}],"author":[{"embeddable":true,"href":"https:\/\/www.lejournalduforkane.com\/index.php\/wp-json\/wp\/v2\/users\/2"}],"replies":[{"embeddable":true,"href":"https:\/\/www.lejournalduforkane.com\/index.php\/wp-json\/wp\/v2\/comments?post=17358"}],"version-history":[{"count":1,"href":"https:\/\/www.lejournalduforkane.com\/index.php\/wp-json\/wp\/v2\/posts\/17358\/revisions"}],"predecessor-version":[{"id":17360,"href":"https:\/\/www.lejournalduforkane.com\/index.php\/wp-json\/wp\/v2\/posts\/17358\/revisions\/17360"}],"wp:attachment":[{"href":"https:\/\/www.lejournalduforkane.com\/index.php\/wp-json\/wp\/v2\/media?parent=17358"}],"wp:term":[{"taxonomy":"category","embeddable":true,"href":"https:\/\/www.lejournalduforkane.com\/index.php\/wp-json\/wp\/v2\/categories?post=17358"},{"taxonomy":"post_tag","embeddable":true,"href":"https:\/\/www.lejournalduforkane.com\/index.php\/wp-json\/wp\/v2\/tags?post=17358"}],"curies":[{"name":"wp","href":"https:\/\/api.w.org\/{rel}","templated":true}]}}