
{"id":17367,"date":"2018-06-25T10:01:14","date_gmt":"2018-06-25T10:01:14","guid":{"rendered":"https:\/\/www.lejournalduforkane.com\/?p=17367"},"modified":"2019-01-21T19:57:08","modified_gmt":"2019-01-21T19:57:08","slug":"la-chute-de-la-maison-des-saouds-au-yemen-2","status":"publish","type":"post","link":"https:\/\/www.lejournalduforkane.com\/index.php\/la-chute-de-la-maison-des-saouds-au-yemen-2\/","title":{"rendered":"La chute de la maison des Saouds au Y\u00e9men (2)"},"content":{"rendered":"<p style=\"text-align: justify;\"><!--more--><\/p>\n<p style=\"text-align: justify;\">Pour plaire \u00e0 Isra\u00ebl, depuis longtemps les saoudiens m\u00e8nent des pourparlers secrets avec Isra\u00ebl. Les Emirats arabes unis veulent ouvrir une ambassade isra\u00e9lienne \u00e0 Abu-Dhabi. Le Qatar et le Bahre\u00efn ne sont pas en reste. Les occidentaux et l\u2019ONU n\u2019apportent pas d\u2019aide aux r\u00e9fugi\u00e9s syriens. On laisse faire les pays du Golfe notamment l\u2019Arabie qui en m\u00eame temps endoctrine les r\u00e9fugi\u00e9s, avec son salafisme wahhabite.<\/p>\n<p style=\"text-align: justify;\">Comme une prostitu\u00e9e presque\u00a0 \u00e0 l\u2019\u00e9tat d\u2019\u00e9pave, l\u2019Arabie ne sait plus quoi proposer. Pourquoi ne pas d\u00e9truire une terre et un peuple musulmans\u00a0comme le Y\u00e9men ? Mais l\u2019arm\u00e9e saoudienne ne conna\u00eet que la fuite et les d\u00e9fections. L\u2019armement et les blind\u00e9s sont d\u00e9truits. Les villes d\u2019Arabie \u00e0 la fronti\u00e8re avec le Y\u00e9men sont prises et des missiles font fuir les soldats saoudiens et les mercenaires qui sont nombreux \u00e0 tomber de terreur. Des mercenaires sont appel\u00e9s \u00e0 la rescousse, Al-Qa\u00efda, Daesh et m\u00eame des Colombiens\u2026<\/p>\n<p style=\"text-align: justify;\">Les Y\u00e9m\u00e9nites sont soumis \u00e0 un blocus total terrestre, a\u00e9rien et maritime comme fait Isra\u00ebl \u00e0 Gaza. Des mois de frappes des chasseurs avec des bombes interdites par les conventions internationales. Des milliers de morts, le manque de nourriture et d\u2019eau potable\u00a0: l\u2019Arabie aura des comptes \u00e0 rendre comme Saddam apr\u00e8s le gazage des Kurdes \u00e0 Halabcha.<\/p>\n<p style=\"text-align: justify;\">Mais les choses changent. Le pr\u00e9sident d\u00e9chu Hadi annonce des n\u00e9gociations de paix \u00e0 partir du 15\/12\/2015 pendant lesquelles il y aura un cessez-le-feu apr\u00e8s des milliers de morts civils mais surtout les offensives toujours victorieuses des Houthis, de l\u2019arm\u00e9e et des comit\u00e9s populaires. L\u2019Arabie\u00a0 est derri\u00e8re cette man\u0153uvre car la guerre qu\u2019elle m\u00e8ne, ne va nulle part malgr\u00e9 le financement de Hadi, des mercenaires de Colombie, de Daesh, d\u2019Al-Qa\u00efda par exemple.<\/p>\n<p style=\"text-align: justify;\">En somme, ce sont 10 pays arabes qui forment une coalition derri\u00e8re l\u2019Arabie comme le Soudan, l\u2019Egypte, le Maroc\u2026 Qui tiendra le plus longtemps au 29\/12\/15 avec 279 jours d\u2019une guerre injuste et in\u00e9gale. L\u2019Am\u00e9rique pousse l\u2019Arabie pour qu\u2019elle se brise et Dieu brisera l\u2019Am\u00e9rique. Un hadith\u00a0saint dit\u00a0: \u00ab\u00a0l\u2019injuste, je me venge par lui puis je me venge de lui \u00bb.<\/p>\n<p style=\"text-align: center;\"><strong>L\u2019impunit\u00e9 de l\u2019Arabie dans la r\u00e9gion va mener au boycott et \u00e0 la contestation lors du p\u00e8lerinage. Le Y\u00e9men est un bourbier qui annonce la Parousie\u00a0d\u2019Al-Mahdi, le justicier de la premi\u00e8re R\u00e9surrection.<\/strong><\/p>\n","protected":false},"excerpt":{"rendered":"Pour plaire \u00e0 Isra\u00ebl, depuis longtemps les saoudiens m\u00e8nent des pourparlers secrets avec Isra\u00ebl. Les Emirats arabes unis veulent ouvrir une ambassade isra\u00e9lienne \u00e0 Abu-Dhabi. Le Qatar et le Bahre\u00efn","protected":false},"author":2,"featured_media":0,"comment_status":"closed","ping_status":"open","sticky":false,"template":"","format":"standard","meta":[],"categories":[],"tags":[],"_links":{"self":[{"href":"https:\/\/www.lejournalduforkane.com\/index.php\/wp-json\/wp\/v2\/posts\/17367"}],"collection":[{"href":"https:\/\/www.lejournalduforkane.com\/index.php\/wp-json\/wp\/v2\/posts"}],"about":[{"href":"https:\/\/www.lejournalduforkane.com\/index.php\/wp-json\/wp\/v2\/types\/post"}],"author":[{"embeddable":true,"href":"https:\/\/www.lejournalduforkane.com\/index.php\/wp-json\/wp\/v2\/users\/2"}],"replies":[{"embeddable":true,"href":"https:\/\/www.lejournalduforkane.com\/index.php\/wp-json\/wp\/v2\/comments?post=17367"}],"version-history":[{"count":2,"href":"https:\/\/www.lejournalduforkane.com\/index.php\/wp-json\/wp\/v2\/posts\/17367\/revisions"}],"predecessor-version":[{"id":18408,"href":"https:\/\/www.lejournalduforkane.com\/index.php\/wp-json\/wp\/v2\/posts\/17367\/revisions\/18408"}],"wp:attachment":[{"href":"https:\/\/www.lejournalduforkane.com\/index.php\/wp-json\/wp\/v2\/media?parent=17367"}],"wp:term":[{"taxonomy":"category","embeddable":true,"href":"https:\/\/www.lejournalduforkane.com\/index.php\/wp-json\/wp\/v2\/categories?post=17367"},{"taxonomy":"post_tag","embeddable":true,"href":"https:\/\/www.lejournalduforkane.com\/index.php\/wp-json\/wp\/v2\/tags?post=17367"}],"curies":[{"name":"wp","href":"https:\/\/api.w.org\/{rel}","templated":true}]}}