
{"id":17391,"date":"2017-08-10T18:41:06","date_gmt":"2017-08-10T18:41:06","guid":{"rendered":"https:\/\/www.lejournalduforkane.com\/?p=17391"},"modified":"2017-08-10T18:41:06","modified_gmt":"2017-08-10T18:41:06","slug":"regardez-les-maudits-soldats-saoudiens-insultent-une-mosquee-chiite-et-celebrent-sa-prise-dans-la-ville-dal-awamiyah","status":"publish","type":"post","link":"https:\/\/www.lejournalduforkane.com\/index.php\/regardez-les-maudits-soldats-saoudiens-insultent-une-mosquee-chiite-et-celebrent-sa-prise-dans-la-ville-dal-awamiyah\/","title":{"rendered":"Regardez les maudits soldats saoudiens insultent une mosqu\u00e9e chiite et c\u00e9l\u00e8brent sa prise dans la ville d&rsquo;Al Awamiyah.."},"content":{"rendered":"<p><!--more--><br \/>\n<iframe loading=\"lazy\" src=\"https:\/\/www.youtube.com\/embed\/QPSgHsQX3bM\" width=\"560\" height=\"315\" frameborder=\"0\" allowfullscreen=\"allowfullscreen\"><\/iframe><\/p>\n","protected":false},"excerpt":{"rendered":"","protected":false},"author":2,"featured_media":0,"comment_status":"closed","ping_status":"open","sticky":false,"template":"","format":"standard","meta":[],"categories":[49],"tags":[],"_links":{"self":[{"href":"https:\/\/www.lejournalduforkane.com\/index.php\/wp-json\/wp\/v2\/posts\/17391"}],"collection":[{"href":"https:\/\/www.lejournalduforkane.com\/index.php\/wp-json\/wp\/v2\/posts"}],"about":[{"href":"https:\/\/www.lejournalduforkane.com\/index.php\/wp-json\/wp\/v2\/types\/post"}],"author":[{"embeddable":true,"href":"https:\/\/www.lejournalduforkane.com\/index.php\/wp-json\/wp\/v2\/users\/2"}],"replies":[{"embeddable":true,"href":"https:\/\/www.lejournalduforkane.com\/index.php\/wp-json\/wp\/v2\/comments?post=17391"}],"version-history":[{"count":1,"href":"https:\/\/www.lejournalduforkane.com\/index.php\/wp-json\/wp\/v2\/posts\/17391\/revisions"}],"predecessor-version":[{"id":17393,"href":"https:\/\/www.lejournalduforkane.com\/index.php\/wp-json\/wp\/v2\/posts\/17391\/revisions\/17393"}],"wp:attachment":[{"href":"https:\/\/www.lejournalduforkane.com\/index.php\/wp-json\/wp\/v2\/media?parent=17391"}],"wp:term":[{"taxonomy":"category","embeddable":true,"href":"https:\/\/www.lejournalduforkane.com\/index.php\/wp-json\/wp\/v2\/categories?post=17391"},{"taxonomy":"post_tag","embeddable":true,"href":"https:\/\/www.lejournalduforkane.com\/index.php\/wp-json\/wp\/v2\/tags?post=17391"}],"curies":[{"name":"wp","href":"https:\/\/api.w.org\/{rel}","templated":true}]}}