
{"id":17395,"date":"2019-04-07T18:19:35","date_gmt":"2019-04-07T18:19:35","guid":{"rendered":"https:\/\/www.lejournalduforkane.com\/?p=17395"},"modified":"2019-04-07T18:23:31","modified_gmt":"2019-04-07T18:23:31","slug":"la-libye-est-mise-a-mort","status":"publish","type":"post","link":"https:\/\/www.lejournalduforkane.com\/index.php\/la-libye-est-mise-a-mort\/","title":{"rendered":"La Libye est mise \u00e0 mort"},"content":{"rendered":"<p style=\"text-align: justify;\"><!--more--><\/p>\n<p style=\"text-align: justify;\">Apr\u00e8s Khadafi, c\u2019est le d\u00e9luge. Sous pr\u00e9texte habituel qu\u2019un dirigeant veut massacrer son peuple, la France sous Sarkozy va d\u00e9truire la Libye avec Cameron l\u2019Anglais et le Qatar pour cautionner. Chavez a propos\u00e9 \u00e0 plusieurs reprises d\u2019ouvrir le dialogue en en \u00e9tant l\u2019interm\u00e9diaire. La r\u00e9ponse de Sarkozy et Cameron est \u00e0 plusieurs reprises\u00a0: \u00ab\u00a0Non\u00a0!\u00a0\u00bb.<\/p>\n<p style=\"text-align: justify;\">Car ils voulaient la guerre et la destruction d\u2019un pays arabe qui serait la plaque tournante du chaos en Afrique du Nord (le Maghreb et l\u2019Egypte). Les chars et les avions ont \u00e9t\u00e9 d\u00e9truits. L\u2019arm\u00e9e libyenne mise en d\u00e9route. Et il y a des milliers de morts (130\u00a0000 civils).<\/p>\n<p style=\"text-align: justify;\">La haine de Sarkozy pour l\u2019Islam a fait faire aux avions fran\u00e7ais, 10000 sorties tout en \u00e9vitant scrupuleusement de toucher les djihadistes qui approchent de la capitale, Tripoli, gr\u00e2ce\u00a0 aux avions qui leur ouvrent le passage. Khadafi a \u00e9t\u00e9 lynch\u00e9 \u00e0 mort. Inutile de dire que ces djihadistes m\u00e9cr\u00e9ants sont d\u00e9savou\u00e9s par l\u2019Islam dans tous les pays o\u00f9 ils se trouvent.<\/p>\n<p style=\"text-align: justify;\">L\u2019exemple libyen, c\u2019est ce qui doit arriver aux pays arabo-musulmans. La destruction, c\u2019est la raison et l\u2019objectif de la main invisible des puissances \u00e0 travers les groupes arm\u00e9s qui m\u00e8nent la guerre contre les Etats. Le chaos est valable du Maghreb au Pakistan o\u00f9 des drones US ne cessent\u00a0 de bombarder des soi-disant \u00ab\u00a0Taliban\u00a0\u00bb. Il n\u2019y a que des \u00ab\u00a0barbares\u00a0\u00bb. C\u2019est une fa\u00e7on de faire pression sur un pays qui ne veut pas d\u2019intervention en son sein.<\/p>\n<p style=\"text-align: justify;\">La Libye est devenue un d\u00e9sert de ruine o\u00f9 des milices jouent \u00e0 la guerre\u00a0: ce sera celui qui tirera vers lui le p\u00e9trole pour s\u2019acheter des armes. La population est abandonn\u00e9e \u00e0 elle-m\u00eame et terroris\u00e9e. Il n\u2019est pas question de la prendre en charge par les aides. Ce sont les assassins et des \u00e9trangers pour la plupart mercenaires de l\u2019Arabie et du Qatar ainsi que des groupes occidentaux sp\u00e9cialis\u00e9s dans la subversion et l\u2019assassinat de personnalit\u00e9s. Ces 2 pays se partagent les groupes en guerre.<\/p>\n<p style=\"text-align: justify;\">Ils ont d\u00e9truits l\u2019a\u00e9roport de Tripoli. Les ambassadeurs se sauvent du pays en urgence. Les Africains qui ne savent rien \u00e0 la politique, demande une intervention qui finira le travail commenc\u00e9 en divisant le pays en 3. Cette intervention devra \u00eatre faite par ceux qui ont d\u00e9truit le pays. La Libye est d\u00e9capit\u00e9e, \u00ab\u00a0somalis\u00e9e\u00a0\u00bb.<\/p>\n<p style=\"text-align: center;\"><strong>L\u2019Ant\u00e9christ pour tuer Khadafi, a d\u00e9truit la Libye.<\/strong><\/p>\n<p style=\"text-align: center;\"><img loading=\"lazy\" class=\"alignnone wp-image-17397 size-full\" src=\"https:\/\/www.lejournalduforkane.com\/wp-content\/uploads\/2017\/08\/libye_daesh.jpg\" alt=\"libye_daesh\" width=\"1905\" height=\"663\" srcset=\"https:\/\/www.lejournalduforkane.com\/wp-content\/uploads\/2017\/08\/libye_daesh.jpg 1905w, https:\/\/www.lejournalduforkane.com\/wp-content\/uploads\/2017\/08\/libye_daesh-300x104.jpg 300w, https:\/\/www.lejournalduforkane.com\/wp-content\/uploads\/2017\/08\/libye_daesh-768x267.jpg 768w, https:\/\/www.lejournalduforkane.com\/wp-content\/uploads\/2017\/08\/libye_daesh-1024x356.jpg 1024w\" sizes=\"(max-width: 1905px) 100vw, 1905px\" \/><\/p>\n","protected":false},"excerpt":{"rendered":"Apr\u00e8s Khadafi, c\u2019est le d\u00e9luge. Sous pr\u00e9texte habituel qu\u2019un dirigeant veut massacrer son peuple, la France sous Sarkozy va d\u00e9truire la Libye avec Cameron l\u2019Anglais et le Qatar pour cautionner.","protected":false},"author":2,"featured_media":22452,"comment_status":"closed","ping_status":"open","sticky":false,"template":"","format":"standard","meta":[],"categories":[],"tags":[],"_links":{"self":[{"href":"https:\/\/www.lejournalduforkane.com\/index.php\/wp-json\/wp\/v2\/posts\/17395"}],"collection":[{"href":"https:\/\/www.lejournalduforkane.com\/index.php\/wp-json\/wp\/v2\/posts"}],"about":[{"href":"https:\/\/www.lejournalduforkane.com\/index.php\/wp-json\/wp\/v2\/types\/post"}],"author":[{"embeddable":true,"href":"https:\/\/www.lejournalduforkane.com\/index.php\/wp-json\/wp\/v2\/users\/2"}],"replies":[{"embeddable":true,"href":"https:\/\/www.lejournalduforkane.com\/index.php\/wp-json\/wp\/v2\/comments?post=17395"}],"version-history":[{"count":3,"href":"https:\/\/www.lejournalduforkane.com\/index.php\/wp-json\/wp\/v2\/posts\/17395\/revisions"}],"predecessor-version":[{"id":22453,"href":"https:\/\/www.lejournalduforkane.com\/index.php\/wp-json\/wp\/v2\/posts\/17395\/revisions\/22453"}],"wp:featuredmedia":[{"embeddable":true,"href":"https:\/\/www.lejournalduforkane.com\/index.php\/wp-json\/wp\/v2\/media\/22452"}],"wp:attachment":[{"href":"https:\/\/www.lejournalduforkane.com\/index.php\/wp-json\/wp\/v2\/media?parent=17395"}],"wp:term":[{"taxonomy":"category","embeddable":true,"href":"https:\/\/www.lejournalduforkane.com\/index.php\/wp-json\/wp\/v2\/categories?post=17395"},{"taxonomy":"post_tag","embeddable":true,"href":"https:\/\/www.lejournalduforkane.com\/index.php\/wp-json\/wp\/v2\/tags?post=17395"}],"curies":[{"name":"wp","href":"https:\/\/api.w.org\/{rel}","templated":true}]}}