
{"id":17400,"date":"2017-08-13T18:50:30","date_gmt":"2017-08-13T18:50:30","guid":{"rendered":"https:\/\/www.lejournalduforkane.com\/?p=17400"},"modified":"2017-08-13T18:52:06","modified_gmt":"2017-08-13T18:52:06","slug":"massacre-en-afghanistan-femmes-et-enfants-tues","status":"publish","type":"post","link":"https:\/\/www.lejournalduforkane.com\/index.php\/massacre-en-afghanistan-femmes-et-enfants-tues\/","title":{"rendered":"Massacre en Afghanistan: Femmes et enfants tu\u00e9s"},"content":{"rendered":"<p><!--more--><\/p>\n<p>Un groupe terroriste de Daseh a\u00a0attaqu\u00e9 dans la r\u00e9gion\u00a0de Mirza Uleng, une localit\u00e9\u00a0\u00e0 forte population chiite, et a\u00a0massacrer pr\u00e8s de 60 personnes, des femmes et des enfants!!! De plus, 200 personnes ont \u00e9t\u00e9 prisonni\u00e8res.<\/p>\n<div>\n<p>LEUR SEUL TORT EST D\u2019\u00caTRE CHIITE !!!<\/p>\n<\/div>\n<p><iframe loading=\"lazy\" src=\"https:\/\/www.youtube.com\/embed\/Q36_2-wj3ts\" width=\"560\" height=\"315\" frameborder=\"0\" allowfullscreen=\"allowfullscreen\"><\/iframe><\/p>\n","protected":false},"excerpt":{"rendered":"Un groupe terroriste de Daseh a\u00a0attaqu\u00e9 dans la r\u00e9gion\u00a0de Mirza Uleng, une localit\u00e9\u00a0\u00e0 forte population chiite, et a\u00a0massacrer pr\u00e8s de 60 personnes, des femmes et des enfants!!! De plus, 200","protected":false},"author":2,"featured_media":0,"comment_status":"closed","ping_status":"open","sticky":false,"template":"","format":"standard","meta":[],"categories":[49],"tags":[],"_links":{"self":[{"href":"https:\/\/www.lejournalduforkane.com\/index.php\/wp-json\/wp\/v2\/posts\/17400"}],"collection":[{"href":"https:\/\/www.lejournalduforkane.com\/index.php\/wp-json\/wp\/v2\/posts"}],"about":[{"href":"https:\/\/www.lejournalduforkane.com\/index.php\/wp-json\/wp\/v2\/types\/post"}],"author":[{"embeddable":true,"href":"https:\/\/www.lejournalduforkane.com\/index.php\/wp-json\/wp\/v2\/users\/2"}],"replies":[{"embeddable":true,"href":"https:\/\/www.lejournalduforkane.com\/index.php\/wp-json\/wp\/v2\/comments?post=17400"}],"version-history":[{"count":3,"href":"https:\/\/www.lejournalduforkane.com\/index.php\/wp-json\/wp\/v2\/posts\/17400\/revisions"}],"predecessor-version":[{"id":17404,"href":"https:\/\/www.lejournalduforkane.com\/index.php\/wp-json\/wp\/v2\/posts\/17400\/revisions\/17404"}],"wp:attachment":[{"href":"https:\/\/www.lejournalduforkane.com\/index.php\/wp-json\/wp\/v2\/media?parent=17400"}],"wp:term":[{"taxonomy":"category","embeddable":true,"href":"https:\/\/www.lejournalduforkane.com\/index.php\/wp-json\/wp\/v2\/categories?post=17400"},{"taxonomy":"post_tag","embeddable":true,"href":"https:\/\/www.lejournalduforkane.com\/index.php\/wp-json\/wp\/v2\/tags?post=17400"}],"curies":[{"name":"wp","href":"https:\/\/api.w.org\/{rel}","templated":true}]}}