
{"id":17418,"date":"2017-08-21T18:40:30","date_gmt":"2017-08-21T18:40:30","guid":{"rendered":"https:\/\/www.lejournalduforkane.com\/?p=17418"},"modified":"2017-08-21T18:40:30","modified_gmt":"2017-08-21T18:40:30","slug":"laviation-russe-elimine-plus-de-200-terroristes-salafistes-de-daesh-en-syrie","status":"publish","type":"post","link":"https:\/\/www.lejournalduforkane.com\/index.php\/laviation-russe-elimine-plus-de-200-terroristes-salafistes-de-daesh-en-syrie\/","title":{"rendered":"L&rsquo;aviation russe \u00e9limine plus de 200 terroristes salafistes de Daesh en Syrie"},"content":{"rendered":"<p><!--more--><\/p>\n<p style=\"text-align: justify;\">Les avions de combat russes ont an\u00e9anti un important convoi de Daesh de plus de 20 v\u00e9hicules, dont des blind\u00e9s et des chars, qui se dirigeait vers la ville de Dei ez-Zor o\u00f9 les terroristes tentent d\u2019\u00e9quiper leur derni\u00e8re place-forte en Syrie. Plus de 200 terroristes de Daesh ont \u00e9t\u00e9 \u00e9galement tu\u00e9s dans les frappes.<\/p>\n<p><iframe loading=\"lazy\" src=\"https:\/\/www.youtube.com\/embed\/9qspOMQYKR8\" width=\"560\" height=\"315\" frameborder=\"0\" allowfullscreen=\"allowfullscreen\"><\/iframe><\/p>\n","protected":false},"excerpt":{"rendered":"Les avions de combat russes ont an\u00e9anti un important convoi de Daesh de plus de 20 v\u00e9hicules, dont des blind\u00e9s et des chars, qui se dirigeait vers la ville de","protected":false},"author":2,"featured_media":0,"comment_status":"closed","ping_status":"open","sticky":false,"template":"","format":"standard","meta":[],"categories":[49],"tags":[],"_links":{"self":[{"href":"https:\/\/www.lejournalduforkane.com\/index.php\/wp-json\/wp\/v2\/posts\/17418"}],"collection":[{"href":"https:\/\/www.lejournalduforkane.com\/index.php\/wp-json\/wp\/v2\/posts"}],"about":[{"href":"https:\/\/www.lejournalduforkane.com\/index.php\/wp-json\/wp\/v2\/types\/post"}],"author":[{"embeddable":true,"href":"https:\/\/www.lejournalduforkane.com\/index.php\/wp-json\/wp\/v2\/users\/2"}],"replies":[{"embeddable":true,"href":"https:\/\/www.lejournalduforkane.com\/index.php\/wp-json\/wp\/v2\/comments?post=17418"}],"version-history":[{"count":1,"href":"https:\/\/www.lejournalduforkane.com\/index.php\/wp-json\/wp\/v2\/posts\/17418\/revisions"}],"predecessor-version":[{"id":17420,"href":"https:\/\/www.lejournalduforkane.com\/index.php\/wp-json\/wp\/v2\/posts\/17418\/revisions\/17420"}],"wp:attachment":[{"href":"https:\/\/www.lejournalduforkane.com\/index.php\/wp-json\/wp\/v2\/media?parent=17418"}],"wp:term":[{"taxonomy":"category","embeddable":true,"href":"https:\/\/www.lejournalduforkane.com\/index.php\/wp-json\/wp\/v2\/categories?post=17418"},{"taxonomy":"post_tag","embeddable":true,"href":"https:\/\/www.lejournalduforkane.com\/index.php\/wp-json\/wp\/v2\/tags?post=17418"}],"curies":[{"name":"wp","href":"https:\/\/api.w.org\/{rel}","templated":true}]}}