
{"id":17424,"date":"2017-08-22T20:06:16","date_gmt":"2017-08-22T20:06:16","guid":{"rendered":"https:\/\/www.lejournalduforkane.com\/?p=17424"},"modified":"2017-08-22T20:06:16","modified_gmt":"2017-08-22T20:06:16","slug":"video-un-leader-et-un-groupe-de-150-terroristes-de-daesh-se-sont-rendus-a-larabe-arabe-syrienne-et-aux-forces-libanaises-au-poste-frontiere-de-al-zamrani-a-al-qalamoun","status":"publish","type":"post","link":"https:\/\/www.lejournalduforkane.com\/index.php\/video-un-leader-et-un-groupe-de-150-terroristes-de-daesh-se-sont-rendus-a-larabe-arabe-syrienne-et-aux-forces-libanaises-au-poste-frontiere-de-al-zamrani-a-al-qalamoun\/","title":{"rendered":"[Vid\u00e9o] | Un leader et un groupe de 150 terroristes de Daesh se sont rendus \u00e0 l&rsquo;Arabe Arabe Syrienne et aux forces libanaises au poste fronti\u00e8re de Al Zamrani \u00e0 Al Qalamoun"},"content":{"rendered":"<p><!--more--><\/p>\n<div id=\"js_i4\" class=\"_5pbx userContent\" data-ft=\"{&quot;tn&quot;:&quot;K&quot;}\">\n<p>Regardez comment les combattants Syriens-Libanais ont trait\u00e9 les membres de Daesh qui se sont rendus hier<\/p>\n<\/div>\n<p><iframe loading=\"lazy\" src=\"https:\/\/www.youtube.com\/embed\/VboT_BEh394\" width=\"560\" height=\"315\" frameborder=\"0\" allowfullscreen=\"allowfullscreen\"><\/iframe><\/p>\n","protected":false},"excerpt":{"rendered":"Regardez comment les combattants Syriens-Libanais ont trait\u00e9 les membres de Daesh qui se sont rendus hier","protected":false},"author":2,"featured_media":0,"comment_status":"closed","ping_status":"open","sticky":false,"template":"","format":"standard","meta":[],"categories":[49],"tags":[],"_links":{"self":[{"href":"https:\/\/www.lejournalduforkane.com\/index.php\/wp-json\/wp\/v2\/posts\/17424"}],"collection":[{"href":"https:\/\/www.lejournalduforkane.com\/index.php\/wp-json\/wp\/v2\/posts"}],"about":[{"href":"https:\/\/www.lejournalduforkane.com\/index.php\/wp-json\/wp\/v2\/types\/post"}],"author":[{"embeddable":true,"href":"https:\/\/www.lejournalduforkane.com\/index.php\/wp-json\/wp\/v2\/users\/2"}],"replies":[{"embeddable":true,"href":"https:\/\/www.lejournalduforkane.com\/index.php\/wp-json\/wp\/v2\/comments?post=17424"}],"version-history":[{"count":1,"href":"https:\/\/www.lejournalduforkane.com\/index.php\/wp-json\/wp\/v2\/posts\/17424\/revisions"}],"predecessor-version":[{"id":17426,"href":"https:\/\/www.lejournalduforkane.com\/index.php\/wp-json\/wp\/v2\/posts\/17424\/revisions\/17426"}],"wp:attachment":[{"href":"https:\/\/www.lejournalduforkane.com\/index.php\/wp-json\/wp\/v2\/media?parent=17424"}],"wp:term":[{"taxonomy":"category","embeddable":true,"href":"https:\/\/www.lejournalduforkane.com\/index.php\/wp-json\/wp\/v2\/categories?post=17424"},{"taxonomy":"post_tag","embeddable":true,"href":"https:\/\/www.lejournalduforkane.com\/index.php\/wp-json\/wp\/v2\/tags?post=17424"}],"curies":[{"name":"wp","href":"https:\/\/api.w.org\/{rel}","templated":true}]}}