
{"id":17440,"date":"2017-08-23T18:47:17","date_gmt":"2017-08-23T18:47:17","guid":{"rendered":"https:\/\/www.lejournalduforkane.com\/?p=17440"},"modified":"2017-08-23T18:47:17","modified_gmt":"2017-08-23T18:47:17","slug":"documentaire-sur-les-ravages-de-la-guerre-saoudo-americaine-contre-le-yemen","status":"publish","type":"post","link":"https:\/\/www.lejournalduforkane.com\/index.php\/documentaire-sur-les-ravages-de-la-guerre-saoudo-americaine-contre-le-yemen\/","title":{"rendered":"Documentaire sur les ravages de la guerre saoudo-am\u00e9ricaine contre le Y\u00e9men"},"content":{"rendered":"<p><!--more--><\/p>\n<p style=\"text-align: justify;\">La situation au Y\u00e9men est catastrophique. Les syst\u00e8mes d\u2019eau, d\u2019assainissement et de sant\u00e9 se sont effondr\u00e9s. Plus de 27 millions de Y\u00e9m\u00e9nites assistent impuissants \u00e0 une implacable catastrophe humanitaire. Les premi\u00e8res victimes de cette trag\u00e9die cr\u00e9\u00e9e par l\u2019Arabie Saoudite et sa maudite coalition sont les personnes les plus vuln\u00e9rables du pays \u2013 les enfants.<\/p>\n<p><iframe loading=\"lazy\" src=\"https:\/\/www.youtube.com\/embed\/5YNG1qhA2Vg\" width=\"560\" height=\"315\" frameborder=\"0\" allowfullscreen=\"allowfullscreen\"><\/iframe><\/p>\n","protected":false},"excerpt":{"rendered":"La situation au Y\u00e9men est catastrophique. Les syst\u00e8mes d\u2019eau, d\u2019assainissement et de sant\u00e9 se sont effondr\u00e9s. Plus de 27 millions de Y\u00e9m\u00e9nites assistent impuissants \u00e0 une implacable catastrophe humanitaire. Les","protected":false},"author":2,"featured_media":0,"comment_status":"closed","ping_status":"open","sticky":false,"template":"","format":"standard","meta":[],"categories":[49],"tags":[],"_links":{"self":[{"href":"https:\/\/www.lejournalduforkane.com\/index.php\/wp-json\/wp\/v2\/posts\/17440"}],"collection":[{"href":"https:\/\/www.lejournalduforkane.com\/index.php\/wp-json\/wp\/v2\/posts"}],"about":[{"href":"https:\/\/www.lejournalduforkane.com\/index.php\/wp-json\/wp\/v2\/types\/post"}],"author":[{"embeddable":true,"href":"https:\/\/www.lejournalduforkane.com\/index.php\/wp-json\/wp\/v2\/users\/2"}],"replies":[{"embeddable":true,"href":"https:\/\/www.lejournalduforkane.com\/index.php\/wp-json\/wp\/v2\/comments?post=17440"}],"version-history":[{"count":1,"href":"https:\/\/www.lejournalduforkane.com\/index.php\/wp-json\/wp\/v2\/posts\/17440\/revisions"}],"predecessor-version":[{"id":17442,"href":"https:\/\/www.lejournalduforkane.com\/index.php\/wp-json\/wp\/v2\/posts\/17440\/revisions\/17442"}],"wp:attachment":[{"href":"https:\/\/www.lejournalduforkane.com\/index.php\/wp-json\/wp\/v2\/media?parent=17440"}],"wp:term":[{"taxonomy":"category","embeddable":true,"href":"https:\/\/www.lejournalduforkane.com\/index.php\/wp-json\/wp\/v2\/categories?post=17440"},{"taxonomy":"post_tag","embeddable":true,"href":"https:\/\/www.lejournalduforkane.com\/index.php\/wp-json\/wp\/v2\/tags?post=17440"}],"curies":[{"name":"wp","href":"https:\/\/api.w.org\/{rel}","templated":true}]}}