
{"id":17468,"date":"2017-08-25T18:45:31","date_gmt":"2017-08-25T18:45:31","guid":{"rendered":"https:\/\/www.lejournalduforkane.com\/?p=17468"},"modified":"2017-08-25T18:45:31","modified_gmt":"2017-08-25T18:45:31","slug":"video-bachar-al-assad-remercie-liran-la-russie-et-le-hezbollah","status":"publish","type":"post","link":"https:\/\/www.lejournalduforkane.com\/index.php\/video-bachar-al-assad-remercie-liran-la-russie-et-le-hezbollah\/","title":{"rendered":"[Vid\u00e9o]  Bachar al-Assad remercie l&rsquo;Iran &#8211; la Russie et le Hezbollah"},"content":{"rendered":"<p><!--more--><\/p>\n<div id=\"js_wy\" class=\"_5pbx userContent\" data-ft=\"{&quot;tn&quot;:&quot;K&quot;}\">\n<p style=\"text-align: justify;\">Extrait du discours du Pr\u00e9sident de la R\u00e9publique Arabe Syrienne Bachar al-Assad le 21 ao\u00fbt 2017<\/p>\n<p style=\"text-align: justify;\">Le Pr\u00e9sident syrien adresse ses remerciements \u00e0 Sayed Ali Khamenei, Vladimir Poutine et Sayed Hassan Nasrallah<\/p>\n<\/div>\n<p><iframe loading=\"lazy\" src=\"https:\/\/www.youtube.com\/embed\/qqSOzB0gtyA\" width=\"560\" height=\"315\" frameborder=\"0\" allowfullscreen=\"allowfullscreen\"><\/iframe><\/p>\n","protected":false},"excerpt":{"rendered":"Extrait du discours du Pr\u00e9sident de la R\u00e9publique Arabe Syrienne Bachar al-Assad le 21 ao\u00fbt 2017 Le Pr\u00e9sident syrien adresse ses remerciements \u00e0 Sayed Ali Khamenei, Vladimir Poutine et Sayed","protected":false},"author":2,"featured_media":0,"comment_status":"closed","ping_status":"open","sticky":false,"template":"","format":"standard","meta":[],"categories":[49],"tags":[],"_links":{"self":[{"href":"https:\/\/www.lejournalduforkane.com\/index.php\/wp-json\/wp\/v2\/posts\/17468"}],"collection":[{"href":"https:\/\/www.lejournalduforkane.com\/index.php\/wp-json\/wp\/v2\/posts"}],"about":[{"href":"https:\/\/www.lejournalduforkane.com\/index.php\/wp-json\/wp\/v2\/types\/post"}],"author":[{"embeddable":true,"href":"https:\/\/www.lejournalduforkane.com\/index.php\/wp-json\/wp\/v2\/users\/2"}],"replies":[{"embeddable":true,"href":"https:\/\/www.lejournalduforkane.com\/index.php\/wp-json\/wp\/v2\/comments?post=17468"}],"version-history":[{"count":1,"href":"https:\/\/www.lejournalduforkane.com\/index.php\/wp-json\/wp\/v2\/posts\/17468\/revisions"}],"predecessor-version":[{"id":17470,"href":"https:\/\/www.lejournalduforkane.com\/index.php\/wp-json\/wp\/v2\/posts\/17468\/revisions\/17470"}],"wp:attachment":[{"href":"https:\/\/www.lejournalduforkane.com\/index.php\/wp-json\/wp\/v2\/media?parent=17468"}],"wp:term":[{"taxonomy":"category","embeddable":true,"href":"https:\/\/www.lejournalduforkane.com\/index.php\/wp-json\/wp\/v2\/categories?post=17468"},{"taxonomy":"post_tag","embeddable":true,"href":"https:\/\/www.lejournalduforkane.com\/index.php\/wp-json\/wp\/v2\/tags?post=17468"}],"curies":[{"name":"wp","href":"https:\/\/api.w.org\/{rel}","templated":true}]}}