
{"id":17471,"date":"2017-08-25T18:51:35","date_gmt":"2017-08-25T18:51:35","guid":{"rendered":"https:\/\/www.lejournalduforkane.com\/?p=17471"},"modified":"2017-08-25T18:51:50","modified_gmt":"2017-08-25T18:51:50","slug":"dans-lenceinte-de-la-kaaba-a-la-mecque-lancien-president-iranien-mahmoud-ahmadinejjad-se-fait-insulter-de-porc-par-un-saoudien","status":"publish","type":"post","link":"https:\/\/www.lejournalduforkane.com\/index.php\/dans-lenceinte-de-la-kaaba-a-la-mecque-lancien-president-iranien-mahmoud-ahmadinejjad-se-fait-insulter-de-porc-par-un-saoudien\/","title":{"rendered":"Dans l&rsquo;enceinte de la Kaaba \u00e0 la Mecque, l&rsquo;ancien pr\u00e9sident iranien, Mahmoud Ahmadinejjad se fait insulter de \u00ab\u00a0porc\u00a0\u00bb par un saoudien."},"content":{"rendered":"<p style=\"text-align: justify;\"><!--more--><\/p>\n<div data-contents=\"true\">\n<div class=\"\" style=\"text-align: justify;\" data-block=\"true\" data-editor=\"1hbu7\" data-offset-key=\"dh6s1-0-0\">\n<div class=\"_1mf _1mj\" data-offset-key=\"dh6s1-0-0\">Cette scene se d\u00e9roule alors que les pelerins sont en \u00e9tat de sacralit\u00e9, et en plein tawaf (circumambulation) autour de la maison sacr\u00e9e d&rsquo;Allah &#8211; la Kaaba.<\/div>\n<\/div>\n<div class=\"\" style=\"text-align: justify;\" data-block=\"true\" data-editor=\"1hbu7\" data-offset-key=\"2uo7t-0-0\">\n<div class=\"_1mf _1mj\" data-offset-key=\"2uo7t-0-0\"><span data-offset-key=\"2uo7t-0-0\">\u00a0<\/span><\/div>\n<\/div>\n<div class=\"\" style=\"text-align: justify;\" data-block=\"true\" data-editor=\"1hbu7\" data-offset-key=\"6kmfu-0-0\">\n<div class=\"_1mf _1mj\" data-offset-key=\"6kmfu-0-0\"><span data-offset-key=\"6kmfu-0-0\"><span data-text=\"true\">Le wahhabisme d\u2019Arabie a produit des monstres. Le salafisme, c\u2019est la manifestation \u00e0 l\u2019extr\u00eame de la terreur qui traverse les si\u00e8cles. Malheur aux ignorants ! Mort aux salafistes !<\/span><\/span><\/div>\n<\/div>\n<div class=\"\" style=\"text-align: justify;\" data-block=\"true\" data-editor=\"1hbu7\" data-offset-key=\"rj2e-0-0\">\n<div class=\"_1mf _1mj\" data-offset-key=\"rj2e-0-0\"><span data-offset-key=\"rj2e-0-0\">\u00a0<\/span><\/div>\n<\/div>\n<div class=\"\" data-block=\"true\" data-editor=\"1hbu7\" data-offset-key=\"87qfj-0-0\">\n<div class=\"_1mf _1mj\" style=\"text-align: justify;\" data-offset-key=\"87qfj-0-0\"><span data-offset-key=\"87qfj-0-0\"><span data-text=\"true\">En savoir plus:<a href=\"https:\/\/www.lejournalduforkane.com\/index.php\/contre-les-salafistes-01\/\"> https:\/\/www.lejournalduforkane.com\/index.php\/contre-les-salafistes-01\/<\/a><\/span><\/span><\/div>\n<\/div>\n<\/div>\n<p><iframe loading=\"lazy\" width=\"560\" height=\"315\" src=\"https:\/\/www.youtube.com\/embed\/gUZM7zUrWDA\" frameborder=\"0\" allowfullscreen><\/iframe><\/p>\n","protected":false},"excerpt":{"rendered":"Cette scene se d\u00e9roule alors que les pelerins sont en \u00e9tat de sacralit\u00e9, et en plein tawaf (circumambulation) autour de la maison sacr\u00e9e d'Allah - la Kaaba. \u00a0 Le wahhabisme","protected":false},"author":2,"featured_media":0,"comment_status":"closed","ping_status":"open","sticky":false,"template":"","format":"standard","meta":[],"categories":[49],"tags":[],"_links":{"self":[{"href":"https:\/\/www.lejournalduforkane.com\/index.php\/wp-json\/wp\/v2\/posts\/17471"}],"collection":[{"href":"https:\/\/www.lejournalduforkane.com\/index.php\/wp-json\/wp\/v2\/posts"}],"about":[{"href":"https:\/\/www.lejournalduforkane.com\/index.php\/wp-json\/wp\/v2\/types\/post"}],"author":[{"embeddable":true,"href":"https:\/\/www.lejournalduforkane.com\/index.php\/wp-json\/wp\/v2\/users\/2"}],"replies":[{"embeddable":true,"href":"https:\/\/www.lejournalduforkane.com\/index.php\/wp-json\/wp\/v2\/comments?post=17471"}],"version-history":[{"count":2,"href":"https:\/\/www.lejournalduforkane.com\/index.php\/wp-json\/wp\/v2\/posts\/17471\/revisions"}],"predecessor-version":[{"id":17474,"href":"https:\/\/www.lejournalduforkane.com\/index.php\/wp-json\/wp\/v2\/posts\/17471\/revisions\/17474"}],"wp:attachment":[{"href":"https:\/\/www.lejournalduforkane.com\/index.php\/wp-json\/wp\/v2\/media?parent=17471"}],"wp:term":[{"taxonomy":"category","embeddable":true,"href":"https:\/\/www.lejournalduforkane.com\/index.php\/wp-json\/wp\/v2\/categories?post=17471"},{"taxonomy":"post_tag","embeddable":true,"href":"https:\/\/www.lejournalduforkane.com\/index.php\/wp-json\/wp\/v2\/tags?post=17471"}],"curies":[{"name":"wp","href":"https:\/\/api.w.org\/{rel}","templated":true}]}}