
{"id":17481,"date":"2017-08-27T18:51:39","date_gmt":"2017-08-27T18:51:39","guid":{"rendered":"https:\/\/www.lejournalduforkane.com\/?p=17481"},"modified":"2017-08-27T18:57:39","modified_gmt":"2017-08-27T18:57:39","slug":"video-ecoutez-les-aveux-de-ce-terroriste-de-daesh-capture-a-mossoul-par-les-forces-irakiennes-et-qui-venu-de-russie-en-passant-par-la-turquie","status":"publish","type":"post","link":"https:\/\/www.lejournalduforkane.com\/index.php\/video-ecoutez-les-aveux-de-ce-terroriste-de-daesh-capture-a-mossoul-par-les-forces-irakiennes-et-qui-venu-de-russie-en-passant-par-la-turquie\/","title":{"rendered":"[Vid\u00e9o] | Ecoutez les aveux de ce terroriste de Daesh captur\u00e9 \u00e0 Mossoul, par les forces irakiennes, et qui venu de Russie, en passant par la Turquie&#8230;"},"content":{"rendered":"<p><!--more--><\/p>\n<p><iframe loading=\"lazy\" width=\"560\" height=\"315\" src=\"https:\/\/www.youtube.com\/embed\/JdI70AOAKMQ\" frameborder=\"0\" allowfullscreen><\/iframe><br \/>\n&nbsp;<\/p>\n","protected":false},"excerpt":{"rendered":"&nbsp;","protected":false},"author":2,"featured_media":0,"comment_status":"closed","ping_status":"open","sticky":false,"template":"","format":"standard","meta":[],"categories":[49],"tags":[],"_links":{"self":[{"href":"https:\/\/www.lejournalduforkane.com\/index.php\/wp-json\/wp\/v2\/posts\/17481"}],"collection":[{"href":"https:\/\/www.lejournalduforkane.com\/index.php\/wp-json\/wp\/v2\/posts"}],"about":[{"href":"https:\/\/www.lejournalduforkane.com\/index.php\/wp-json\/wp\/v2\/types\/post"}],"author":[{"embeddable":true,"href":"https:\/\/www.lejournalduforkane.com\/index.php\/wp-json\/wp\/v2\/users\/2"}],"replies":[{"embeddable":true,"href":"https:\/\/www.lejournalduforkane.com\/index.php\/wp-json\/wp\/v2\/comments?post=17481"}],"version-history":[{"count":5,"href":"https:\/\/www.lejournalduforkane.com\/index.php\/wp-json\/wp\/v2\/posts\/17481\/revisions"}],"predecessor-version":[{"id":17490,"href":"https:\/\/www.lejournalduforkane.com\/index.php\/wp-json\/wp\/v2\/posts\/17481\/revisions\/17490"}],"wp:attachment":[{"href":"https:\/\/www.lejournalduforkane.com\/index.php\/wp-json\/wp\/v2\/media?parent=17481"}],"wp:term":[{"taxonomy":"category","embeddable":true,"href":"https:\/\/www.lejournalduforkane.com\/index.php\/wp-json\/wp\/v2\/categories?post=17481"},{"taxonomy":"post_tag","embeddable":true,"href":"https:\/\/www.lejournalduforkane.com\/index.php\/wp-json\/wp\/v2\/tags?post=17481"}],"curies":[{"name":"wp","href":"https:\/\/api.w.org\/{rel}","templated":true}]}}