
{"id":17492,"date":"2017-08-28T18:50:57","date_gmt":"2017-08-28T18:50:57","guid":{"rendered":"https:\/\/www.lejournalduforkane.com\/?p=17492"},"modified":"2017-08-28T18:50:57","modified_gmt":"2017-08-28T18:50:57","slug":"video-les-forces-doccupation-israeliennes-ont-demoli-une-ecole-palestinienne-un-jour-avant-la-rentree-scolaire-forcant-les-petits-eleves-a-etudier-en-plein-air","status":"publish","type":"post","link":"https:\/\/www.lejournalduforkane.com\/index.php\/video-les-forces-doccupation-israeliennes-ont-demoli-une-ecole-palestinienne-un-jour-avant-la-rentree-scolaire-forcant-les-petits-eleves-a-etudier-en-plein-air\/","title":{"rendered":"Vid\u00e9o | Les forces d&rsquo;occupation isra\u00e9liennes ont d\u00e9moli une \u00e9cole Palestinienne un jour avant la rentr\u00e9e scolaire, for\u00e7ant les petits \u00e9l\u00e8ves \u00e0 \u00e9tudier en plein air !"},"content":{"rendered":"<p><!--more--><\/p>\n<p><iframe loading=\"lazy\" src=\"https:\/\/www.youtube.com\/embed\/tfGsA9Dl0cM\" width=\"560\" height=\"315\" frameborder=\"0\" allowfullscreen=\"allowfullscreen\"><\/iframe><\/p>\n","protected":false},"excerpt":{"rendered":"","protected":false},"author":2,"featured_media":0,"comment_status":"closed","ping_status":"open","sticky":false,"template":"","format":"standard","meta":[],"categories":[49],"tags":[],"_links":{"self":[{"href":"https:\/\/www.lejournalduforkane.com\/index.php\/wp-json\/wp\/v2\/posts\/17492"}],"collection":[{"href":"https:\/\/www.lejournalduforkane.com\/index.php\/wp-json\/wp\/v2\/posts"}],"about":[{"href":"https:\/\/www.lejournalduforkane.com\/index.php\/wp-json\/wp\/v2\/types\/post"}],"author":[{"embeddable":true,"href":"https:\/\/www.lejournalduforkane.com\/index.php\/wp-json\/wp\/v2\/users\/2"}],"replies":[{"embeddable":true,"href":"https:\/\/www.lejournalduforkane.com\/index.php\/wp-json\/wp\/v2\/comments?post=17492"}],"version-history":[{"count":1,"href":"https:\/\/www.lejournalduforkane.com\/index.php\/wp-json\/wp\/v2\/posts\/17492\/revisions"}],"predecessor-version":[{"id":17494,"href":"https:\/\/www.lejournalduforkane.com\/index.php\/wp-json\/wp\/v2\/posts\/17492\/revisions\/17494"}],"wp:attachment":[{"href":"https:\/\/www.lejournalduforkane.com\/index.php\/wp-json\/wp\/v2\/media?parent=17492"}],"wp:term":[{"taxonomy":"category","embeddable":true,"href":"https:\/\/www.lejournalduforkane.com\/index.php\/wp-json\/wp\/v2\/categories?post=17492"},{"taxonomy":"post_tag","embeddable":true,"href":"https:\/\/www.lejournalduforkane.com\/index.php\/wp-json\/wp\/v2\/tags?post=17492"}],"curies":[{"name":"wp","href":"https:\/\/api.w.org\/{rel}","templated":true}]}}