
{"id":17540,"date":"2017-09-01T19:16:01","date_gmt":"2017-09-01T19:16:01","guid":{"rendered":"https:\/\/www.lejournalduforkane.com\/?p=17540"},"modified":"2017-09-01T19:16:01","modified_gmt":"2017-09-01T19:16:01","slug":"birmanie-le-gouvernement-a-brule-nos-maisons-et-tue-nos-enfants","status":"publish","type":"post","link":"https:\/\/www.lejournalduforkane.com\/index.php\/birmanie-le-gouvernement-a-brule-nos-maisons-et-tue-nos-enfants\/","title":{"rendered":"Birmanie: \u00ab\u00a0Le gouvernement a br\u00fbl\u00e9 nos maisons et tu\u00e9 nos enfants\u00a0\u00bb."},"content":{"rendered":"<p><!--more--><\/p>\n<p style=\"text-align: justify;\">Nouveau massacre de Rohingya en Birmanie : cette minorit\u00e9 musulmane vivant dans un pays bouddhiste est l&rsquo;une des plus pers\u00e9cut\u00e9es au monde.<br \/>\n<iframe loading=\"lazy\" src=\"https:\/\/www.youtube.com\/embed\/nbt6DCl8IBc\" width=\"560\" height=\"315\" frameborder=\"0\" allowfullscreen=\"allowfullscreen\"><\/iframe><\/p>\n","protected":false},"excerpt":{"rendered":"Nouveau massacre de Rohingya en Birmanie : cette minorit\u00e9 musulmane vivant dans un pays bouddhiste est l'une des plus pers\u00e9cut\u00e9es au monde.","protected":false},"author":2,"featured_media":0,"comment_status":"closed","ping_status":"open","sticky":false,"template":"","format":"standard","meta":[],"categories":[49],"tags":[],"_links":{"self":[{"href":"https:\/\/www.lejournalduforkane.com\/index.php\/wp-json\/wp\/v2\/posts\/17540"}],"collection":[{"href":"https:\/\/www.lejournalduforkane.com\/index.php\/wp-json\/wp\/v2\/posts"}],"about":[{"href":"https:\/\/www.lejournalduforkane.com\/index.php\/wp-json\/wp\/v2\/types\/post"}],"author":[{"embeddable":true,"href":"https:\/\/www.lejournalduforkane.com\/index.php\/wp-json\/wp\/v2\/users\/2"}],"replies":[{"embeddable":true,"href":"https:\/\/www.lejournalduforkane.com\/index.php\/wp-json\/wp\/v2\/comments?post=17540"}],"version-history":[{"count":1,"href":"https:\/\/www.lejournalduforkane.com\/index.php\/wp-json\/wp\/v2\/posts\/17540\/revisions"}],"predecessor-version":[{"id":17542,"href":"https:\/\/www.lejournalduforkane.com\/index.php\/wp-json\/wp\/v2\/posts\/17540\/revisions\/17542"}],"wp:attachment":[{"href":"https:\/\/www.lejournalduforkane.com\/index.php\/wp-json\/wp\/v2\/media?parent=17540"}],"wp:term":[{"taxonomy":"category","embeddable":true,"href":"https:\/\/www.lejournalduforkane.com\/index.php\/wp-json\/wp\/v2\/categories?post=17540"},{"taxonomy":"post_tag","embeddable":true,"href":"https:\/\/www.lejournalduforkane.com\/index.php\/wp-json\/wp\/v2\/tags?post=17540"}],"curies":[{"name":"wp","href":"https:\/\/api.w.org\/{rel}","templated":true}]}}