
{"id":17562,"date":"2017-09-03T18:47:39","date_gmt":"2017-09-03T18:47:39","guid":{"rendered":"https:\/\/www.lejournalduforkane.com\/?p=17562"},"modified":"2017-09-03T18:47:39","modified_gmt":"2017-09-03T18:47:39","slug":"video-les-forces-russes-eliminent-des-terroristes-de-daesh-dans-la-region-de-deir-ez-zor","status":"publish","type":"post","link":"https:\/\/www.lejournalduforkane.com\/index.php\/video-les-forces-russes-eliminent-des-terroristes-de-daesh-dans-la-region-de-deir-ez-zor\/","title":{"rendered":"[Vid\u00e9o] | Les forces russes \u00e9liminent des terroristes de Daesh dans la r\u00e9gion de Deir ez-Zor"},"content":{"rendered":"<p><!--more--><\/p>\n<p style=\"text-align: justify;\">[Vid\u00e9o] | Les forces russes \u00e9liminent des terroristes de Daesh dans la r\u00e9gion de Deir ez-Zor, auxquels il faut ajouter un grand nombre de v\u00e9hicules blind\u00e9s, des d\u00e9p\u00f4ts de munitions, des voitures avec du carburant et des armes.<\/p>\n<p><iframe loading=\"lazy\" src=\"https:\/\/www.youtube.com\/embed\/X4ovcNPcgFU\" width=\"560\" height=\"315\" frameborder=\"0\" allowfullscreen=\"allowfullscreen\"><\/iframe><\/p>\n","protected":false},"excerpt":{"rendered":"[Vid\u00e9o] | Les forces russes \u00e9liminent des terroristes de Daesh dans la r\u00e9gion de Deir ez-Zor, auxquels il faut ajouter un grand nombre de v\u00e9hicules blind\u00e9s, des d\u00e9p\u00f4ts de munitions,","protected":false},"author":2,"featured_media":0,"comment_status":"closed","ping_status":"open","sticky":false,"template":"","format":"standard","meta":[],"categories":[49],"tags":[],"_links":{"self":[{"href":"https:\/\/www.lejournalduforkane.com\/index.php\/wp-json\/wp\/v2\/posts\/17562"}],"collection":[{"href":"https:\/\/www.lejournalduforkane.com\/index.php\/wp-json\/wp\/v2\/posts"}],"about":[{"href":"https:\/\/www.lejournalduforkane.com\/index.php\/wp-json\/wp\/v2\/types\/post"}],"author":[{"embeddable":true,"href":"https:\/\/www.lejournalduforkane.com\/index.php\/wp-json\/wp\/v2\/users\/2"}],"replies":[{"embeddable":true,"href":"https:\/\/www.lejournalduforkane.com\/index.php\/wp-json\/wp\/v2\/comments?post=17562"}],"version-history":[{"count":1,"href":"https:\/\/www.lejournalduforkane.com\/index.php\/wp-json\/wp\/v2\/posts\/17562\/revisions"}],"predecessor-version":[{"id":17564,"href":"https:\/\/www.lejournalduforkane.com\/index.php\/wp-json\/wp\/v2\/posts\/17562\/revisions\/17564"}],"wp:attachment":[{"href":"https:\/\/www.lejournalduforkane.com\/index.php\/wp-json\/wp\/v2\/media?parent=17562"}],"wp:term":[{"taxonomy":"category","embeddable":true,"href":"https:\/\/www.lejournalduforkane.com\/index.php\/wp-json\/wp\/v2\/categories?post=17562"},{"taxonomy":"post_tag","embeddable":true,"href":"https:\/\/www.lejournalduforkane.com\/index.php\/wp-json\/wp\/v2\/tags?post=17562"}],"curies":[{"name":"wp","href":"https:\/\/api.w.org\/{rel}","templated":true}]}}