
{"id":17585,"date":"2017-09-04T18:55:18","date_gmt":"2017-09-04T18:55:18","guid":{"rendered":"https:\/\/www.lejournalduforkane.com\/?p=17585"},"modified":"2017-09-04T18:55:28","modified_gmt":"2017-09-04T18:55:28","slug":"video-ce-musulman-rohingya-a-survecu-au-genocide-en-cours-au-myanmar-il-a-ete-temoin-du-massacre-de-25-musulmans-rohingyas-dont-sa-femme","status":"publish","type":"post","link":"https:\/\/www.lejournalduforkane.com\/index.php\/video-ce-musulman-rohingya-a-survecu-au-genocide-en-cours-au-myanmar-il-a-ete-temoin-du-massacre-de-25-musulmans-rohingyas-dont-sa-femme\/","title":{"rendered":"[Vid\u00e9o] | Ce musulman Rohingya a surv\u00e9cu au g\u00e9nocide en cours au Myanmar, Il a \u00e9t\u00e9 t\u00e9moin du massacre de 25 Musulmans Rohingyas, dont sa femme"},"content":{"rendered":"<p><!--more--><\/p>\n<p style=\"text-align: justify;\">La souffrance et le calvaire des musulmans du Myanmar (Birmanie), appel\u00e9s Rohingyas continuent dans l\u2019indiff\u00e9rence g\u00e9n\u00e9rale. Ils se font massacr\u00e9s par l\u2019arm\u00e9e birmane et les bouddhistes qui pr\u00eachent pourtant la paix et la non violence soi-disant.<br \/>\n<iframe loading=\"lazy\" src=\"https:\/\/www.youtube.com\/embed\/a2K3n-WzvS8\" width=\"560\" height=\"315\" frameborder=\"0\" allowfullscreen=\"allowfullscreen\"><\/iframe><\/p>\n","protected":false},"excerpt":{"rendered":"La souffrance et le calvaire des musulmans du Myanmar (Birmanie), appel\u00e9s Rohingyas continuent dans l\u2019indiff\u00e9rence g\u00e9n\u00e9rale. Ils se font massacr\u00e9s par l\u2019arm\u00e9e birmane et les bouddhistes qui pr\u00eachent pourtant la","protected":false},"author":2,"featured_media":0,"comment_status":"closed","ping_status":"open","sticky":false,"template":"","format":"standard","meta":[],"categories":[49],"tags":[],"_links":{"self":[{"href":"https:\/\/www.lejournalduforkane.com\/index.php\/wp-json\/wp\/v2\/posts\/17585"}],"collection":[{"href":"https:\/\/www.lejournalduforkane.com\/index.php\/wp-json\/wp\/v2\/posts"}],"about":[{"href":"https:\/\/www.lejournalduforkane.com\/index.php\/wp-json\/wp\/v2\/types\/post"}],"author":[{"embeddable":true,"href":"https:\/\/www.lejournalduforkane.com\/index.php\/wp-json\/wp\/v2\/users\/2"}],"replies":[{"embeddable":true,"href":"https:\/\/www.lejournalduforkane.com\/index.php\/wp-json\/wp\/v2\/comments?post=17585"}],"version-history":[{"count":2,"href":"https:\/\/www.lejournalduforkane.com\/index.php\/wp-json\/wp\/v2\/posts\/17585\/revisions"}],"predecessor-version":[{"id":17588,"href":"https:\/\/www.lejournalduforkane.com\/index.php\/wp-json\/wp\/v2\/posts\/17585\/revisions\/17588"}],"wp:attachment":[{"href":"https:\/\/www.lejournalduforkane.com\/index.php\/wp-json\/wp\/v2\/media?parent=17585"}],"wp:term":[{"taxonomy":"category","embeddable":true,"href":"https:\/\/www.lejournalduforkane.com\/index.php\/wp-json\/wp\/v2\/categories?post=17585"},{"taxonomy":"post_tag","embeddable":true,"href":"https:\/\/www.lejournalduforkane.com\/index.php\/wp-json\/wp\/v2\/tags?post=17585"}],"curies":[{"name":"wp","href":"https:\/\/api.w.org\/{rel}","templated":true}]}}