
{"id":17592,"date":"2017-09-06T13:38:30","date_gmt":"2017-09-06T13:38:30","guid":{"rendered":"https:\/\/www.lejournalduforkane.com\/?p=17592"},"modified":"2017-09-06T13:38:31","modified_gmt":"2017-09-06T13:38:31","slug":"video-des-milliers-de-tchetchenes-ont-manifestes-hier-a-grozny-contre-la-persecution-des-musulmans-en-birmanie","status":"publish","type":"post","link":"https:\/\/www.lejournalduforkane.com\/index.php\/video-des-milliers-de-tchetchenes-ont-manifestes-hier-a-grozny-contre-la-persecution-des-musulmans-en-birmanie\/","title":{"rendered":"[Vid\u00e9o] | Des milliers de Tch\u00e9tch\u00e8nes ont manifest\u00e9s hier \u00e0 Grozny contre la pers\u00e9cution des musulmans en Birmanie"},"content":{"rendered":"<p><!--more--><\/p>\n<p style=\"text-align: justify;\">Plusieurs centaines de milliers de manifestants Tch\u00e9tch\u00e8nes se sont rassembl\u00e9s dans le centre de Grozny. La place de la grande mosqu\u00e9e de Grozny, surnomm\u00e9e \u00able C\u0153ur de la Tch\u00e9tch\u00e9nie\u00bb, \u00e9tait \u00e0 peine suffisante pour accueillir tous ceux venus soutenir le peuple Rohingya, minorit\u00e9 musulmane de Birmanie.<\/p>\n<p><iframe loading=\"lazy\" src=\"https:\/\/www.youtube.com\/embed\/hSjhg8QX3LM\" width=\"560\" height=\"315\" frameborder=\"0\" allowfullscreen=\"allowfullscreen\"><\/iframe><\/p>\n","protected":false},"excerpt":{"rendered":"Plusieurs centaines de milliers de manifestants Tch\u00e9tch\u00e8nes se sont rassembl\u00e9s dans le centre de Grozny. La place de la grande mosqu\u00e9e de Grozny, surnomm\u00e9e \u00able C\u0153ur de la Tch\u00e9tch\u00e9nie\u00bb, \u00e9tait","protected":false},"author":2,"featured_media":0,"comment_status":"closed","ping_status":"open","sticky":false,"template":"","format":"standard","meta":[],"categories":[49],"tags":[],"_links":{"self":[{"href":"https:\/\/www.lejournalduforkane.com\/index.php\/wp-json\/wp\/v2\/posts\/17592"}],"collection":[{"href":"https:\/\/www.lejournalduforkane.com\/index.php\/wp-json\/wp\/v2\/posts"}],"about":[{"href":"https:\/\/www.lejournalduforkane.com\/index.php\/wp-json\/wp\/v2\/types\/post"}],"author":[{"embeddable":true,"href":"https:\/\/www.lejournalduforkane.com\/index.php\/wp-json\/wp\/v2\/users\/2"}],"replies":[{"embeddable":true,"href":"https:\/\/www.lejournalduforkane.com\/index.php\/wp-json\/wp\/v2\/comments?post=17592"}],"version-history":[{"count":1,"href":"https:\/\/www.lejournalduforkane.com\/index.php\/wp-json\/wp\/v2\/posts\/17592\/revisions"}],"predecessor-version":[{"id":17594,"href":"https:\/\/www.lejournalduforkane.com\/index.php\/wp-json\/wp\/v2\/posts\/17592\/revisions\/17594"}],"wp:attachment":[{"href":"https:\/\/www.lejournalduforkane.com\/index.php\/wp-json\/wp\/v2\/media?parent=17592"}],"wp:term":[{"taxonomy":"category","embeddable":true,"href":"https:\/\/www.lejournalduforkane.com\/index.php\/wp-json\/wp\/v2\/categories?post=17592"},{"taxonomy":"post_tag","embeddable":true,"href":"https:\/\/www.lejournalduforkane.com\/index.php\/wp-json\/wp\/v2\/tags?post=17592"}],"curies":[{"name":"wp","href":"https:\/\/api.w.org\/{rel}","templated":true}]}}