
{"id":17595,"date":"2017-09-06T13:43:17","date_gmt":"2017-09-06T13:43:17","guid":{"rendered":"https:\/\/www.lejournalduforkane.com\/?p=17595"},"modified":"2017-09-06T13:43:17","modified_gmt":"2017-09-06T13:43:17","slug":"regardez-comment-larmee-arabe-syrienne-chasse-daesh-de-deir-ez-zor","status":"publish","type":"post","link":"https:\/\/www.lejournalduforkane.com\/index.php\/regardez-comment-larmee-arabe-syrienne-chasse-daesh-de-deir-ez-zor\/","title":{"rendered":"Regardez comment l&rsquo;Arm\u00e9e Arabe Syrienne chasse Daesh de Deir ez-Zor"},"content":{"rendered":"<p><!--more--><\/p>\n<p>La ville pourrait \u00eatre lib\u00e9r\u00e9e dans les jours qui viennent<\/p>\n<p><iframe loading=\"lazy\" src=\"https:\/\/www.youtube.com\/embed\/wiyYPL7QZIQ\" width=\"560\" height=\"315\" frameborder=\"0\" allowfullscreen=\"allowfullscreen\"><\/iframe><\/p>\n","protected":false},"excerpt":{"rendered":"La ville pourrait \u00eatre lib\u00e9r\u00e9e dans les jours qui viennent","protected":false},"author":2,"featured_media":0,"comment_status":"closed","ping_status":"open","sticky":false,"template":"","format":"standard","meta":[],"categories":[49],"tags":[],"_links":{"self":[{"href":"https:\/\/www.lejournalduforkane.com\/index.php\/wp-json\/wp\/v2\/posts\/17595"}],"collection":[{"href":"https:\/\/www.lejournalduforkane.com\/index.php\/wp-json\/wp\/v2\/posts"}],"about":[{"href":"https:\/\/www.lejournalduforkane.com\/index.php\/wp-json\/wp\/v2\/types\/post"}],"author":[{"embeddable":true,"href":"https:\/\/www.lejournalduforkane.com\/index.php\/wp-json\/wp\/v2\/users\/2"}],"replies":[{"embeddable":true,"href":"https:\/\/www.lejournalduforkane.com\/index.php\/wp-json\/wp\/v2\/comments?post=17595"}],"version-history":[{"count":1,"href":"https:\/\/www.lejournalduforkane.com\/index.php\/wp-json\/wp\/v2\/posts\/17595\/revisions"}],"predecessor-version":[{"id":17597,"href":"https:\/\/www.lejournalduforkane.com\/index.php\/wp-json\/wp\/v2\/posts\/17595\/revisions\/17597"}],"wp:attachment":[{"href":"https:\/\/www.lejournalduforkane.com\/index.php\/wp-json\/wp\/v2\/media?parent=17595"}],"wp:term":[{"taxonomy":"category","embeddable":true,"href":"https:\/\/www.lejournalduforkane.com\/index.php\/wp-json\/wp\/v2\/categories?post=17595"},{"taxonomy":"post_tag","embeddable":true,"href":"https:\/\/www.lejournalduforkane.com\/index.php\/wp-json\/wp\/v2\/tags?post=17595"}],"curies":[{"name":"wp","href":"https:\/\/api.w.org\/{rel}","templated":true}]}}