
{"id":17630,"date":"2017-09-08T18:31:48","date_gmt":"2017-09-08T18:31:48","guid":{"rendered":"https:\/\/www.lejournalduforkane.com\/?p=17630"},"modified":"2017-09-08T18:31:48","modified_gmt":"2017-09-08T18:31:48","slug":"video-les-extremistes-bouddhistes-protestent-a-mesure-que-laide-arrive-pour-les-musulmans-rohingyas-persecutes","status":"publish","type":"post","link":"https:\/\/www.lejournalduforkane.com\/index.php\/video-les-extremistes-bouddhistes-protestent-a-mesure-que-laide-arrive-pour-les-musulmans-rohingyas-persecutes\/","title":{"rendered":"[Vid\u00e9o] | Les extr\u00e9mistes bouddhistes protestent \u00e0 mesure que l&rsquo;aide arrive pour les musulmans Rohingyas pers\u00e9cut\u00e9s"},"content":{"rendered":"<p><!--more--><br \/>\n<iframe loading=\"lazy\" src=\"https:\/\/www.youtube.com\/embed\/7ZwQiL9pv_c\" width=\"560\" height=\"315\" frameborder=\"0\" allowfullscreen=\"allowfullscreen\"><\/iframe><\/p>\n","protected":false},"excerpt":{"rendered":"","protected":false},"author":2,"featured_media":0,"comment_status":"closed","ping_status":"open","sticky":false,"template":"","format":"standard","meta":[],"categories":[49],"tags":[],"_links":{"self":[{"href":"https:\/\/www.lejournalduforkane.com\/index.php\/wp-json\/wp\/v2\/posts\/17630"}],"collection":[{"href":"https:\/\/www.lejournalduforkane.com\/index.php\/wp-json\/wp\/v2\/posts"}],"about":[{"href":"https:\/\/www.lejournalduforkane.com\/index.php\/wp-json\/wp\/v2\/types\/post"}],"author":[{"embeddable":true,"href":"https:\/\/www.lejournalduforkane.com\/index.php\/wp-json\/wp\/v2\/users\/2"}],"replies":[{"embeddable":true,"href":"https:\/\/www.lejournalduforkane.com\/index.php\/wp-json\/wp\/v2\/comments?post=17630"}],"version-history":[{"count":1,"href":"https:\/\/www.lejournalduforkane.com\/index.php\/wp-json\/wp\/v2\/posts\/17630\/revisions"}],"predecessor-version":[{"id":17632,"href":"https:\/\/www.lejournalduforkane.com\/index.php\/wp-json\/wp\/v2\/posts\/17630\/revisions\/17632"}],"wp:attachment":[{"href":"https:\/\/www.lejournalduforkane.com\/index.php\/wp-json\/wp\/v2\/media?parent=17630"}],"wp:term":[{"taxonomy":"category","embeddable":true,"href":"https:\/\/www.lejournalduforkane.com\/index.php\/wp-json\/wp\/v2\/categories?post=17630"},{"taxonomy":"post_tag","embeddable":true,"href":"https:\/\/www.lejournalduforkane.com\/index.php\/wp-json\/wp\/v2\/tags?post=17630"}],"curies":[{"name":"wp","href":"https:\/\/api.w.org\/{rel}","templated":true}]}}