
{"id":17644,"date":"2017-09-10T18:25:14","date_gmt":"2017-09-10T18:25:14","guid":{"rendered":"https:\/\/www.lejournalduforkane.com\/?p=17644"},"modified":"2017-09-10T18:25:14","modified_gmt":"2017-09-10T18:25:14","slug":"video-arrestation-dun-enfant-palestinien-de-10-ans-par-les-forces-doccupation-israeliennes","status":"publish","type":"post","link":"https:\/\/www.lejournalduforkane.com\/index.php\/video-arrestation-dun-enfant-palestinien-de-10-ans-par-les-forces-doccupation-israeliennes\/","title":{"rendered":"[Vid\u00e9o] | Arrestation d\u2019un enfant palestinien de 10 ans par les forces d&rsquo;occupation isra\u00e9liennes"},"content":{"rendered":"<p><!--more-->Vid\u00e9o qui montre la bassesse sioniste encore une nouvelle fois : des soldats isra\u00e9liens arr\u00eatent un jeune gar\u00e7on Palestinien qui n\u2019a que 10 ans !!! Mohammed Al-sa&rsquo;w a \u00e9t\u00e9 arr\u00eat\u00e9 dans le camp de Sheikh Jarrah dans la J\u00e9rusalem occup\u00e9e aujourd&rsquo;hui.<br \/>\n<iframe loading=\"lazy\" src=\"https:\/\/www.youtube.com\/embed\/jeRsFsPGdfo\" width=\"560\" height=\"315\" frameborder=\"0\" allowfullscreen=\"allowfullscreen\"><\/iframe><\/p>\n","protected":false},"excerpt":{"rendered":"Vid\u00e9o qui montre la bassesse sioniste encore une nouvelle fois : des soldats isra\u00e9liens arr\u00eatent un jeune gar\u00e7on Palestinien qui n\u2019a que 10 ans !!! Mohammed Al-sa'w a \u00e9t\u00e9 arr\u00eat\u00e9","protected":false},"author":2,"featured_media":0,"comment_status":"closed","ping_status":"open","sticky":false,"template":"","format":"standard","meta":[],"categories":[49],"tags":[],"_links":{"self":[{"href":"https:\/\/www.lejournalduforkane.com\/index.php\/wp-json\/wp\/v2\/posts\/17644"}],"collection":[{"href":"https:\/\/www.lejournalduforkane.com\/index.php\/wp-json\/wp\/v2\/posts"}],"about":[{"href":"https:\/\/www.lejournalduforkane.com\/index.php\/wp-json\/wp\/v2\/types\/post"}],"author":[{"embeddable":true,"href":"https:\/\/www.lejournalduforkane.com\/index.php\/wp-json\/wp\/v2\/users\/2"}],"replies":[{"embeddable":true,"href":"https:\/\/www.lejournalduforkane.com\/index.php\/wp-json\/wp\/v2\/comments?post=17644"}],"version-history":[{"count":1,"href":"https:\/\/www.lejournalduforkane.com\/index.php\/wp-json\/wp\/v2\/posts\/17644\/revisions"}],"predecessor-version":[{"id":17647,"href":"https:\/\/www.lejournalduforkane.com\/index.php\/wp-json\/wp\/v2\/posts\/17644\/revisions\/17647"}],"wp:attachment":[{"href":"https:\/\/www.lejournalduforkane.com\/index.php\/wp-json\/wp\/v2\/media?parent=17644"}],"wp:term":[{"taxonomy":"category","embeddable":true,"href":"https:\/\/www.lejournalduforkane.com\/index.php\/wp-json\/wp\/v2\/categories?post=17644"},{"taxonomy":"post_tag","embeddable":true,"href":"https:\/\/www.lejournalduforkane.com\/index.php\/wp-json\/wp\/v2\/tags?post=17644"}],"curies":[{"name":"wp","href":"https:\/\/api.w.org\/{rel}","templated":true}]}}