
{"id":17669,"date":"2017-09-10T18:45:35","date_gmt":"2017-09-10T18:45:35","guid":{"rendered":"https:\/\/www.lejournalduforkane.com\/?p=17669"},"modified":"2017-09-10T18:45:35","modified_gmt":"2017-09-10T18:45:35","slug":"video-les-musulmans-rohingyas-marchent-pieds-nus-sur-des-barbeles-pour-echapper-aux-escadrons-de-la-mort-birman","status":"publish","type":"post","link":"https:\/\/www.lejournalduforkane.com\/index.php\/video-les-musulmans-rohingyas-marchent-pieds-nus-sur-des-barbeles-pour-echapper-aux-escadrons-de-la-mort-birman\/","title":{"rendered":"[Vid\u00e9o] | Les musulmans Rohingyas marchent pieds nus sur des barbel\u00e9s pour \u00e9chapper aux escadrons de la mort birman"},"content":{"rendered":"<p><!--more--><br \/>\n<iframe loading=\"lazy\" src=\"https:\/\/www.youtube.com\/embed\/xYV25maPf0c\" width=\"560\" height=\"315\" frameborder=\"0\" allowfullscreen=\"allowfullscreen\"><\/iframe><\/p>\n","protected":false},"excerpt":{"rendered":"","protected":false},"author":2,"featured_media":0,"comment_status":"closed","ping_status":"open","sticky":false,"template":"","format":"standard","meta":[],"categories":[49],"tags":[],"_links":{"self":[{"href":"https:\/\/www.lejournalduforkane.com\/index.php\/wp-json\/wp\/v2\/posts\/17669"}],"collection":[{"href":"https:\/\/www.lejournalduforkane.com\/index.php\/wp-json\/wp\/v2\/posts"}],"about":[{"href":"https:\/\/www.lejournalduforkane.com\/index.php\/wp-json\/wp\/v2\/types\/post"}],"author":[{"embeddable":true,"href":"https:\/\/www.lejournalduforkane.com\/index.php\/wp-json\/wp\/v2\/users\/2"}],"replies":[{"embeddable":true,"href":"https:\/\/www.lejournalduforkane.com\/index.php\/wp-json\/wp\/v2\/comments?post=17669"}],"version-history":[{"count":1,"href":"https:\/\/www.lejournalduforkane.com\/index.php\/wp-json\/wp\/v2\/posts\/17669\/revisions"}],"predecessor-version":[{"id":17671,"href":"https:\/\/www.lejournalduforkane.com\/index.php\/wp-json\/wp\/v2\/posts\/17669\/revisions\/17671"}],"wp:attachment":[{"href":"https:\/\/www.lejournalduforkane.com\/index.php\/wp-json\/wp\/v2\/media?parent=17669"}],"wp:term":[{"taxonomy":"category","embeddable":true,"href":"https:\/\/www.lejournalduforkane.com\/index.php\/wp-json\/wp\/v2\/categories?post=17669"},{"taxonomy":"post_tag","embeddable":true,"href":"https:\/\/www.lejournalduforkane.com\/index.php\/wp-json\/wp\/v2\/tags?post=17669"}],"curies":[{"name":"wp","href":"https:\/\/api.w.org\/{rel}","templated":true}]}}