
{"id":17674,"date":"2017-09-12T18:02:23","date_gmt":"2017-09-12T18:02:23","guid":{"rendered":"https:\/\/www.lejournalduforkane.com\/?p=17674"},"modified":"2017-09-12T18:02:23","modified_gmt":"2017-09-12T18:02:23","slug":"34-000-martyrs-et-blesses-au-900eme-jour-dans-la-guerre-contre-le-yemen","status":"publish","type":"post","link":"https:\/\/www.lejournalduforkane.com\/index.php\/34-000-martyrs-et-blesses-au-900eme-jour-dans-la-guerre-contre-le-yemen\/","title":{"rendered":"34 000 martyrs et bless\u00e9s au 900\u00e8me jour dans la guerre contre le Y\u00e9men"},"content":{"rendered":"<p><!--more--><\/p>\n<p style=\"text-align: justify;\">12 000 martyrs et 21 000 bless\u00e9es par les attaques de la maudite Arabie contre le Y\u00e9men. Ce massacre dure depuis plus de 900 JOURS. Ce sont les civils qui paient le prix de cette guerre.<\/p>\n<p style=\"text-align: justify;\"><strong>CETTE COALITION ARABE MOTIV\u00c9E ET PR\u00caTE A EN D\u00c9COUDRE, ASSASSINE ET BOMBARDE UN PEUPLE SANS D\u00c9FENSE ET POURTANT B\u00c9NI PAR LE PROPH\u00c8TE (P), ALORS QU\u2019IL (P) A MAUDIT LES SAOUDIENS ET LEUR ID\u00c9OLOGIE SALAFISTE WAHHABIT<span class=\"text_exposed_show\">ES VENUS DU NAJD.<\/span><\/strong><\/p>\n<div class=\"text_exposed_show\">\n<p style=\"text-align: justify;\">Ce qui nous \u00e9tonne dans l\u2019agression contre le peuple b\u00e9ni par le Proph\u00e8te (P), ce qui n\u2019est pas rien, en tout cas pour un Musulman, c\u2019est le silence complice : de l\u2019Occident et de la majorit\u00e9 des Musulmans.<\/p>\n<\/div>\n","protected":false},"excerpt":{"rendered":"12 000 martyrs et 21 000 bless\u00e9es par les attaques de la maudite Arabie contre le Y\u00e9men. Ce massacre dure depuis plus de 900 JOURS. Ce sont les civils qui","protected":false},"author":2,"featured_media":0,"comment_status":"closed","ping_status":"open","sticky":false,"template":"","format":"standard","meta":[],"categories":[49],"tags":[],"_links":{"self":[{"href":"https:\/\/www.lejournalduforkane.com\/index.php\/wp-json\/wp\/v2\/posts\/17674"}],"collection":[{"href":"https:\/\/www.lejournalduforkane.com\/index.php\/wp-json\/wp\/v2\/posts"}],"about":[{"href":"https:\/\/www.lejournalduforkane.com\/index.php\/wp-json\/wp\/v2\/types\/post"}],"author":[{"embeddable":true,"href":"https:\/\/www.lejournalduforkane.com\/index.php\/wp-json\/wp\/v2\/users\/2"}],"replies":[{"embeddable":true,"href":"https:\/\/www.lejournalduforkane.com\/index.php\/wp-json\/wp\/v2\/comments?post=17674"}],"version-history":[{"count":1,"href":"https:\/\/www.lejournalduforkane.com\/index.php\/wp-json\/wp\/v2\/posts\/17674\/revisions"}],"predecessor-version":[{"id":17676,"href":"https:\/\/www.lejournalduforkane.com\/index.php\/wp-json\/wp\/v2\/posts\/17674\/revisions\/17676"}],"wp:attachment":[{"href":"https:\/\/www.lejournalduforkane.com\/index.php\/wp-json\/wp\/v2\/media?parent=17674"}],"wp:term":[{"taxonomy":"category","embeddable":true,"href":"https:\/\/www.lejournalduforkane.com\/index.php\/wp-json\/wp\/v2\/categories?post=17674"},{"taxonomy":"post_tag","embeddable":true,"href":"https:\/\/www.lejournalduforkane.com\/index.php\/wp-json\/wp\/v2\/tags?post=17674"}],"curies":[{"name":"wp","href":"https:\/\/api.w.org\/{rel}","templated":true}]}}