
{"id":17694,"date":"2017-09-13T18:44:44","date_gmt":"2017-09-13T18:44:44","guid":{"rendered":"https:\/\/www.lejournalduforkane.com\/?p=17694"},"modified":"2017-09-13T18:44:44","modified_gmt":"2017-09-13T18:44:44","slug":"video-liran-au-secours-des-musulmans-envoie-de-100-tonnes-daide-humanitaire-destines-aux-rohingyas-deplaces-au-bangladesh","status":"publish","type":"post","link":"https:\/\/www.lejournalduforkane.com\/index.php\/video-liran-au-secours-des-musulmans-envoie-de-100-tonnes-daide-humanitaire-destines-aux-rohingyas-deplaces-au-bangladesh\/","title":{"rendered":"[Vid\u00e9o] | L&rsquo;Iran au secours des Musulmans : envoie de 100 tonnes d&rsquo;aide humanitaire destin\u00e9s aux Rohingyas d\u00e9plac\u00e9s au Bangladesh"},"content":{"rendered":"<p><!--more--><\/p>\n<p><iframe loading=\"lazy\" width=\"560\" height=\"315\" src=\"https:\/\/www.youtube.com\/embed\/a10i635KAN8\" frameborder=\"0\" allowfullscreen><\/iframe><\/p>\n","protected":false},"excerpt":{"rendered":"","protected":false},"author":2,"featured_media":0,"comment_status":"closed","ping_status":"open","sticky":false,"template":"","format":"standard","meta":[],"categories":[49],"tags":[],"_links":{"self":[{"href":"https:\/\/www.lejournalduforkane.com\/index.php\/wp-json\/wp\/v2\/posts\/17694"}],"collection":[{"href":"https:\/\/www.lejournalduforkane.com\/index.php\/wp-json\/wp\/v2\/posts"}],"about":[{"href":"https:\/\/www.lejournalduforkane.com\/index.php\/wp-json\/wp\/v2\/types\/post"}],"author":[{"embeddable":true,"href":"https:\/\/www.lejournalduforkane.com\/index.php\/wp-json\/wp\/v2\/users\/2"}],"replies":[{"embeddable":true,"href":"https:\/\/www.lejournalduforkane.com\/index.php\/wp-json\/wp\/v2\/comments?post=17694"}],"version-history":[{"count":1,"href":"https:\/\/www.lejournalduforkane.com\/index.php\/wp-json\/wp\/v2\/posts\/17694\/revisions"}],"predecessor-version":[{"id":17696,"href":"https:\/\/www.lejournalduforkane.com\/index.php\/wp-json\/wp\/v2\/posts\/17694\/revisions\/17696"}],"wp:attachment":[{"href":"https:\/\/www.lejournalduforkane.com\/index.php\/wp-json\/wp\/v2\/media?parent=17694"}],"wp:term":[{"taxonomy":"category","embeddable":true,"href":"https:\/\/www.lejournalduforkane.com\/index.php\/wp-json\/wp\/v2\/categories?post=17694"},{"taxonomy":"post_tag","embeddable":true,"href":"https:\/\/www.lejournalduforkane.com\/index.php\/wp-json\/wp\/v2\/tags?post=17694"}],"curies":[{"name":"wp","href":"https:\/\/api.w.org\/{rel}","templated":true}]}}