
{"id":17720,"date":"2017-09-17T18:33:12","date_gmt":"2017-09-17T18:33:12","guid":{"rendered":"https:\/\/www.lejournalduforkane.com\/?p=17720"},"modified":"2017-09-19T18:03:25","modified_gmt":"2017-09-19T18:03:25","slug":"video-sabra-et-chatila-il-y-a-35-ans-16-18-septembre-1982","status":"publish","type":"post","link":"https:\/\/www.lejournalduforkane.com\/index.php\/video-sabra-et-chatila-il-y-a-35-ans-16-18-septembre-1982\/","title":{"rendered":"[Vid\u00e9o] | Sabra et Chatila il y a 35 ans : 16 -18 septembre 1982"},"content":{"rendered":"<p><!--more-->Aujourd&rsquo;hui marque le 35 e anniversaire du massacre de Sabra et Chatila, commis par l&rsquo;arm\u00e9e isra\u00e9lienne et le parti kataeb au Liban. La plupart des victimes \u00e9taient des palestiniens. Le nombre exact de d\u00e9c\u00e8s est inconnu, mais il est estim\u00e9 \u00e0 3500-5000<\/p>\n<p style=\"text-align: justify;\">JAMAIS ON N&rsquo;OUBLIERA !<\/p>\n<p><iframe loading=\"lazy\" src=\"\/\/rutube.ru\/play\/embed\/10604112\" width=\"720\" height=\"405\" frameborder=\"0\" allowfullscreen=\"allowfullscreen\"><\/iframe><\/p>\n","protected":false},"excerpt":{"rendered":"Aujourd'hui marque le 35 e anniversaire du massacre de Sabra et Chatila, commis par l'arm\u00e9e isra\u00e9lienne et le parti kataeb au Liban. La plupart des victimes \u00e9taient des palestiniens. Le","protected":false},"author":2,"featured_media":0,"comment_status":"closed","ping_status":"open","sticky":false,"template":"","format":"standard","meta":[],"categories":[49],"tags":[],"_links":{"self":[{"href":"https:\/\/www.lejournalduforkane.com\/index.php\/wp-json\/wp\/v2\/posts\/17720"}],"collection":[{"href":"https:\/\/www.lejournalduforkane.com\/index.php\/wp-json\/wp\/v2\/posts"}],"about":[{"href":"https:\/\/www.lejournalduforkane.com\/index.php\/wp-json\/wp\/v2\/types\/post"}],"author":[{"embeddable":true,"href":"https:\/\/www.lejournalduforkane.com\/index.php\/wp-json\/wp\/v2\/users\/2"}],"replies":[{"embeddable":true,"href":"https:\/\/www.lejournalduforkane.com\/index.php\/wp-json\/wp\/v2\/comments?post=17720"}],"version-history":[{"count":3,"href":"https:\/\/www.lejournalduforkane.com\/index.php\/wp-json\/wp\/v2\/posts\/17720\/revisions"}],"predecessor-version":[{"id":17746,"href":"https:\/\/www.lejournalduforkane.com\/index.php\/wp-json\/wp\/v2\/posts\/17720\/revisions\/17746"}],"wp:attachment":[{"href":"https:\/\/www.lejournalduforkane.com\/index.php\/wp-json\/wp\/v2\/media?parent=17720"}],"wp:term":[{"taxonomy":"category","embeddable":true,"href":"https:\/\/www.lejournalduforkane.com\/index.php\/wp-json\/wp\/v2\/categories?post=17720"},{"taxonomy":"post_tag","embeddable":true,"href":"https:\/\/www.lejournalduforkane.com\/index.php\/wp-json\/wp\/v2\/tags?post=17720"}],"curies":[{"name":"wp","href":"https:\/\/api.w.org\/{rel}","templated":true}]}}