
{"id":17723,"date":"2017-09-17T18:36:05","date_gmt":"2017-09-17T18:36:05","guid":{"rendered":"https:\/\/www.lejournalduforkane.com\/?p=17723"},"modified":"2017-09-17T18:36:05","modified_gmt":"2017-09-17T18:36:05","slug":"video-un-drone-filme-la-ville-de-deir-ez-zor-liberee-de-daesh","status":"publish","type":"post","link":"https:\/\/www.lejournalduforkane.com\/index.php\/video-un-drone-filme-la-ville-de-deir-ez-zor-liberee-de-daesh\/","title":{"rendered":"[Vid\u00e9o] | Un drone filme la ville de Deir ez-Zor lib\u00e9r\u00e9e de Daesh"},"content":{"rendered":"<p style=\"text-align: justify;\"><!--more--><\/p>\n<p style=\"text-align: justify;\">10 jours apr\u00e8s la lib\u00e9ration de Deir ez-Zor par l\u2019arm\u00e9e syrienne, un drone a survol\u00e9 la ville et captur\u00e9 des images uniques. Assi\u00e9g\u00e9e par les terroristes de Daesh pendant 3 ans, la cit\u00e9 retrouve lentement une vie normale.<\/p>\n<p><iframe loading=\"lazy\" src=\"https:\/\/www.youtube.com\/embed\/Ci5ebEx3i_U\" width=\"560\" height=\"315\" frameborder=\"0\" allowfullscreen=\"allowfullscreen\"><\/iframe><\/p>\n","protected":false},"excerpt":{"rendered":"10 jours apr\u00e8s la lib\u00e9ration de Deir ez-Zor par l\u2019arm\u00e9e syrienne, un drone a survol\u00e9 la ville et captur\u00e9 des images uniques. Assi\u00e9g\u00e9e par les terroristes de Daesh pendant 3","protected":false},"author":2,"featured_media":0,"comment_status":"closed","ping_status":"open","sticky":false,"template":"","format":"standard","meta":[],"categories":[49],"tags":[],"_links":{"self":[{"href":"https:\/\/www.lejournalduforkane.com\/index.php\/wp-json\/wp\/v2\/posts\/17723"}],"collection":[{"href":"https:\/\/www.lejournalduforkane.com\/index.php\/wp-json\/wp\/v2\/posts"}],"about":[{"href":"https:\/\/www.lejournalduforkane.com\/index.php\/wp-json\/wp\/v2\/types\/post"}],"author":[{"embeddable":true,"href":"https:\/\/www.lejournalduforkane.com\/index.php\/wp-json\/wp\/v2\/users\/2"}],"replies":[{"embeddable":true,"href":"https:\/\/www.lejournalduforkane.com\/index.php\/wp-json\/wp\/v2\/comments?post=17723"}],"version-history":[{"count":1,"href":"https:\/\/www.lejournalduforkane.com\/index.php\/wp-json\/wp\/v2\/posts\/17723\/revisions"}],"predecessor-version":[{"id":17725,"href":"https:\/\/www.lejournalduforkane.com\/index.php\/wp-json\/wp\/v2\/posts\/17723\/revisions\/17725"}],"wp:attachment":[{"href":"https:\/\/www.lejournalduforkane.com\/index.php\/wp-json\/wp\/v2\/media?parent=17723"}],"wp:term":[{"taxonomy":"category","embeddable":true,"href":"https:\/\/www.lejournalduforkane.com\/index.php\/wp-json\/wp\/v2\/categories?post=17723"},{"taxonomy":"post_tag","embeddable":true,"href":"https:\/\/www.lejournalduforkane.com\/index.php\/wp-json\/wp\/v2\/tags?post=17723"}],"curies":[{"name":"wp","href":"https:\/\/api.w.org\/{rel}","templated":true}]}}