
{"id":17729,"date":"2017-09-17T18:41:22","date_gmt":"2017-09-17T18:41:22","guid":{"rendered":"https:\/\/www.lejournalduforkane.com\/?p=17729"},"modified":"2017-09-17T18:41:22","modified_gmt":"2017-09-17T18:41:22","slug":"video-le-calvaire-des-enfants-palestiniens-pour-se-rendre-a-lecole","status":"publish","type":"post","link":"https:\/\/www.lejournalduforkane.com\/index.php\/video-le-calvaire-des-enfants-palestiniens-pour-se-rendre-a-lecole\/","title":{"rendered":"[Vid\u00e9o] | Le calvaire des enfants palestiniens pour se rendre \u00e0 l&rsquo;\u00e9cole"},"content":{"rendered":"<p><!--more--><\/p>\n<p>Imaginez un seul instant \u00eatre arr\u00eat\u00e9 \u00e0 chaque checkpoint sur le chemin de l&rsquo;\u00e9cole et que vos sacs soient fouill\u00e9s de cette fa\u00e7on !<\/p>\n<p>C&rsquo;est ce que les \u00e9coliers de la vieille ville d&rsquo;Al-Khalil subissent chaque jour !<br \/>\n<iframe loading=\"lazy\" src=\"https:\/\/www.youtube.com\/embed\/5ZVgsyAunWY\" width=\"560\" height=\"315\" frameborder=\"0\" allowfullscreen=\"allowfullscreen\"><\/iframe><\/p>\n","protected":false},"excerpt":{"rendered":"Imaginez un seul instant \u00eatre arr\u00eat\u00e9 \u00e0 chaque checkpoint sur le chemin de l'\u00e9cole et que vos sacs soient fouill\u00e9s de cette fa\u00e7on ! C'est ce que les \u00e9coliers de","protected":false},"author":2,"featured_media":0,"comment_status":"closed","ping_status":"open","sticky":false,"template":"","format":"standard","meta":[],"categories":[49],"tags":[],"_links":{"self":[{"href":"https:\/\/www.lejournalduforkane.com\/index.php\/wp-json\/wp\/v2\/posts\/17729"}],"collection":[{"href":"https:\/\/www.lejournalduforkane.com\/index.php\/wp-json\/wp\/v2\/posts"}],"about":[{"href":"https:\/\/www.lejournalduforkane.com\/index.php\/wp-json\/wp\/v2\/types\/post"}],"author":[{"embeddable":true,"href":"https:\/\/www.lejournalduforkane.com\/index.php\/wp-json\/wp\/v2\/users\/2"}],"replies":[{"embeddable":true,"href":"https:\/\/www.lejournalduforkane.com\/index.php\/wp-json\/wp\/v2\/comments?post=17729"}],"version-history":[{"count":1,"href":"https:\/\/www.lejournalduforkane.com\/index.php\/wp-json\/wp\/v2\/posts\/17729\/revisions"}],"predecessor-version":[{"id":17731,"href":"https:\/\/www.lejournalduforkane.com\/index.php\/wp-json\/wp\/v2\/posts\/17729\/revisions\/17731"}],"wp:attachment":[{"href":"https:\/\/www.lejournalduforkane.com\/index.php\/wp-json\/wp\/v2\/media?parent=17729"}],"wp:term":[{"taxonomy":"category","embeddable":true,"href":"https:\/\/www.lejournalduforkane.com\/index.php\/wp-json\/wp\/v2\/categories?post=17729"},{"taxonomy":"post_tag","embeddable":true,"href":"https:\/\/www.lejournalduforkane.com\/index.php\/wp-json\/wp\/v2\/tags?post=17729"}],"curies":[{"name":"wp","href":"https:\/\/api.w.org\/{rel}","templated":true}]}}