
{"id":17732,"date":"2017-09-17T18:46:54","date_gmt":"2017-09-17T18:46:54","guid":{"rendered":"https:\/\/www.lejournalduforkane.com\/?p=17732"},"modified":"2017-09-17T18:52:19","modified_gmt":"2017-09-17T18:52:19","slug":"les-refugies-rohingyas-ont-recu-la-premiere-cargaison-desaides-iraniennes","status":"publish","type":"post","link":"https:\/\/www.lejournalduforkane.com\/index.php\/les-refugies-rohingyas-ont-recu-la-premiere-cargaison-desaides-iraniennes\/","title":{"rendered":"Les r\u00e9fugi\u00e9s Rohingyas ont re\u00e7u la premi\u00e8re cargaison des aides iraniennes"},"content":{"rendered":"<p><!--more--><\/p>\n<div class=\"\" data-block=\"true\" data-editor=\"6ti8e\" data-offset-key=\"6oni5-0-0\">\n<div class=\"_1mf _1mj\" style=\"text-align: justify;\" data-offset-key=\"6oni5-0-0\">La souffrance et le calvaire des musulmans du Myanmar (Birmanie), appel\u00e9s Rohingyas continuent dans l\u2019indiff\u00e9rence g\u00e9n\u00e9rale. Ils se font massacr\u00e9s par l\u2019arm\u00e9e birmane et les bouddhistes qui pr\u00eachent pourtant la paix et la non violence soi-disant.<\/div>\n<\/div>\n<div class=\"\" style=\"text-align: justify;\" data-block=\"true\" data-editor=\"6ti8e\" data-offset-key=\"7050s-0-0\">\n<div class=\"_1mf _1mj\" data-offset-key=\"7050s-0-0\"><span data-offset-key=\"7050s-0-0\">\u00a0<\/span><\/div>\n<\/div>\n<div class=\"\" style=\"text-align: justify;\" data-block=\"true\" data-editor=\"6ti8e\" data-offset-key=\"53t8u-0-0\">\n<div class=\"_1mf _1mj\" data-offset-key=\"53t8u-0-0\"><span data-offset-key=\"53t8u-0-0\"><span data-text=\"true\">Seul l\u2019Iran leur vient en aide <\/span><\/span><\/div>\n<\/div>\n<div class=\"\" style=\"text-align: justify;\" data-block=\"true\" data-editor=\"6ti8e\" data-offset-key=\"flrts-0-0\">\n<div class=\"_1mf _1mj\" data-offset-key=\"flrts-0-0\"><span data-offset-key=\"flrts-0-0\">\u00a0<\/span><\/div>\n<\/div>\n<div class=\"\" data-block=\"true\" data-editor=\"6ti8e\" data-offset-key=\"4aq9a-0-0\">\n<div class=\"_1mf _1mj\" style=\"text-align: justify;\" data-offset-key=\"4aq9a-0-0\"><span data-offset-key=\"4aq9a-0-0\"><span data-text=\"true\">En savoir plus: <a href=\"https:\/\/www.lejournalduforkane.com\/index.php\/pourquoi-les-soi-disant-defenseurs-des-droits-de-lhomme-se-taisent-sur-le-sort-des-musulmans-du-myanmar\/\">https:\/\/www.lejournalduforkane.com\/index.php\/pourquoi-les-soi-disant-defenseurs-des-droits-de-lhomme-se-taisent-sur-le-sort-des-musulmans-du-myanmar\/<\/a><\/span><\/span><\/div>\n<\/div>\n<p><iframe loading=\"lazy\" src=\"https:\/\/www.youtube.com\/embed\/n7fuhlPI-7s\" width=\"560\" height=\"315\" frameborder=\"0\" allowfullscreen=\"allowfullscreen\"><\/iframe><\/p>\n","protected":false},"excerpt":{"rendered":"La souffrance et le calvaire des musulmans du Myanmar (Birmanie), appel\u00e9s Rohingyas continuent dans l\u2019indiff\u00e9rence g\u00e9n\u00e9rale. Ils se font massacr\u00e9s par l\u2019arm\u00e9e birmane et les bouddhistes qui pr\u00eachent pourtant la","protected":false},"author":2,"featured_media":0,"comment_status":"closed","ping_status":"open","sticky":false,"template":"","format":"standard","meta":[],"categories":[49],"tags":[],"_links":{"self":[{"href":"https:\/\/www.lejournalduforkane.com\/index.php\/wp-json\/wp\/v2\/posts\/17732"}],"collection":[{"href":"https:\/\/www.lejournalduforkane.com\/index.php\/wp-json\/wp\/v2\/posts"}],"about":[{"href":"https:\/\/www.lejournalduforkane.com\/index.php\/wp-json\/wp\/v2\/types\/post"}],"author":[{"embeddable":true,"href":"https:\/\/www.lejournalduforkane.com\/index.php\/wp-json\/wp\/v2\/users\/2"}],"replies":[{"embeddable":true,"href":"https:\/\/www.lejournalduforkane.com\/index.php\/wp-json\/wp\/v2\/comments?post=17732"}],"version-history":[{"count":1,"href":"https:\/\/www.lejournalduforkane.com\/index.php\/wp-json\/wp\/v2\/posts\/17732\/revisions"}],"predecessor-version":[{"id":17733,"href":"https:\/\/www.lejournalduforkane.com\/index.php\/wp-json\/wp\/v2\/posts\/17732\/revisions\/17733"}],"wp:attachment":[{"href":"https:\/\/www.lejournalduforkane.com\/index.php\/wp-json\/wp\/v2\/media?parent=17732"}],"wp:term":[{"taxonomy":"category","embeddable":true,"href":"https:\/\/www.lejournalduforkane.com\/index.php\/wp-json\/wp\/v2\/categories?post=17732"},{"taxonomy":"post_tag","embeddable":true,"href":"https:\/\/www.lejournalduforkane.com\/index.php\/wp-json\/wp\/v2\/tags?post=17732"}],"curies":[{"name":"wp","href":"https:\/\/api.w.org\/{rel}","templated":true}]}}