
{"id":17742,"date":"2017-09-19T18:02:07","date_gmt":"2017-09-19T18:02:07","guid":{"rendered":"https:\/\/www.lejournalduforkane.com\/?p=17742"},"modified":"2017-09-19T18:02:07","modified_gmt":"2017-09-19T18:02:07","slug":"video-le-quotidien-des-rohingyas-dans-les-camps-de-refugies-au-bangladesh","status":"publish","type":"post","link":"https:\/\/www.lejournalduforkane.com\/index.php\/video-le-quotidien-des-rohingyas-dans-les-camps-de-refugies-au-bangladesh\/","title":{"rendered":"[Vid\u00e9o] | Le quotidien des Rohingyas dans les camps de r\u00e9fugi\u00e9s au Bangladesh"},"content":{"rendered":"<p><!--more--><\/p>\n<p>\u00a0\u00bb Nous sommes ici dans la mis\u00e8re. Les enfants sont malades. On ne peut pas leur donner de m\u00e9dicaments. Nous n&rsquo;avons pas d&rsquo;argent.\u00a0\u00bb<\/p>\n<p>Ajoutons \u00e0 cela de fortes pluies qui apportent de nouvelles souffrances \u00e0 des centaines de milliers de r\u00e9fugi\u00e9s vivant au Bangladesh.<br \/>\n<iframe loading=\"lazy\" src=\"https:\/\/www.youtube.com\/embed\/f1ickXU6M84\" width=\"560\" height=\"315\" frameborder=\"0\" allowfullscreen=\"allowfullscreen\"><\/iframe><\/p>\n","protected":false},"excerpt":{"rendered":"\" Nous sommes ici dans la mis\u00e8re. Les enfants sont malades. On ne peut pas leur donner de m\u00e9dicaments. Nous n'avons pas d'argent.\" Ajoutons \u00e0 cela de fortes pluies qui","protected":false},"author":2,"featured_media":0,"comment_status":"closed","ping_status":"open","sticky":false,"template":"","format":"standard","meta":[],"categories":[49],"tags":[],"_links":{"self":[{"href":"https:\/\/www.lejournalduforkane.com\/index.php\/wp-json\/wp\/v2\/posts\/17742"}],"collection":[{"href":"https:\/\/www.lejournalduforkane.com\/index.php\/wp-json\/wp\/v2\/posts"}],"about":[{"href":"https:\/\/www.lejournalduforkane.com\/index.php\/wp-json\/wp\/v2\/types\/post"}],"author":[{"embeddable":true,"href":"https:\/\/www.lejournalduforkane.com\/index.php\/wp-json\/wp\/v2\/users\/2"}],"replies":[{"embeddable":true,"href":"https:\/\/www.lejournalduforkane.com\/index.php\/wp-json\/wp\/v2\/comments?post=17742"}],"version-history":[{"count":1,"href":"https:\/\/www.lejournalduforkane.com\/index.php\/wp-json\/wp\/v2\/posts\/17742\/revisions"}],"predecessor-version":[{"id":17744,"href":"https:\/\/www.lejournalduforkane.com\/index.php\/wp-json\/wp\/v2\/posts\/17742\/revisions\/17744"}],"wp:attachment":[{"href":"https:\/\/www.lejournalduforkane.com\/index.php\/wp-json\/wp\/v2\/media?parent=17742"}],"wp:term":[{"taxonomy":"category","embeddable":true,"href":"https:\/\/www.lejournalduforkane.com\/index.php\/wp-json\/wp\/v2\/categories?post=17742"},{"taxonomy":"post_tag","embeddable":true,"href":"https:\/\/www.lejournalduforkane.com\/index.php\/wp-json\/wp\/v2\/tags?post=17742"}],"curies":[{"name":"wp","href":"https:\/\/api.w.org\/{rel}","templated":true}]}}