
{"id":17766,"date":"2017-09-19T18:20:31","date_gmt":"2017-09-19T18:20:31","guid":{"rendered":"https:\/\/www.lejournalduforkane.com\/?p=17766"},"modified":"2017-09-19T18:20:31","modified_gmt":"2017-09-19T18:20:31","slug":"video-les-soldats-de-loccupation-israelienne-ont-pris-de-force-un-enfant-palestinien-de-sa-famille-et-lont-arrete-a-un-poste-de-controle-en-cisjordanie","status":"publish","type":"post","link":"https:\/\/www.lejournalduforkane.com\/index.php\/video-les-soldats-de-loccupation-israelienne-ont-pris-de-force-un-enfant-palestinien-de-sa-famille-et-lont-arrete-a-un-poste-de-controle-en-cisjordanie\/","title":{"rendered":"[Vid\u00e9o] | Les soldats de l&rsquo;occupation isra\u00e9lienne ont pris de force un enfant palestinien de sa famille et l&rsquo;ont arr\u00eat\u00e9 \u00e0 un poste de contr\u00f4le en Cisjordanie."},"content":{"rendered":"<p><!--more--><\/p>\n<p>P.S. Les Palestiniens font face \u00e0 cette humiliation tous les jours !<br \/>\n<iframe loading=\"lazy\" src=\"https:\/\/www.youtube.com\/embed\/dNzVcUtX_tA\" width=\"560\" height=\"315\" frameborder=\"0\" allowfullscreen=\"allowfullscreen\"><\/iframe><\/p>\n","protected":false},"excerpt":{"rendered":"P.S. Les Palestiniens font face \u00e0 cette humiliation tous les jours !","protected":false},"author":2,"featured_media":0,"comment_status":"closed","ping_status":"open","sticky":false,"template":"","format":"standard","meta":[],"categories":[49],"tags":[],"_links":{"self":[{"href":"https:\/\/www.lejournalduforkane.com\/index.php\/wp-json\/wp\/v2\/posts\/17766"}],"collection":[{"href":"https:\/\/www.lejournalduforkane.com\/index.php\/wp-json\/wp\/v2\/posts"}],"about":[{"href":"https:\/\/www.lejournalduforkane.com\/index.php\/wp-json\/wp\/v2\/types\/post"}],"author":[{"embeddable":true,"href":"https:\/\/www.lejournalduforkane.com\/index.php\/wp-json\/wp\/v2\/users\/2"}],"replies":[{"embeddable":true,"href":"https:\/\/www.lejournalduforkane.com\/index.php\/wp-json\/wp\/v2\/comments?post=17766"}],"version-history":[{"count":1,"href":"https:\/\/www.lejournalduforkane.com\/index.php\/wp-json\/wp\/v2\/posts\/17766\/revisions"}],"predecessor-version":[{"id":17768,"href":"https:\/\/www.lejournalduforkane.com\/index.php\/wp-json\/wp\/v2\/posts\/17766\/revisions\/17768"}],"wp:attachment":[{"href":"https:\/\/www.lejournalduforkane.com\/index.php\/wp-json\/wp\/v2\/media?parent=17766"}],"wp:term":[{"taxonomy":"category","embeddable":true,"href":"https:\/\/www.lejournalduforkane.com\/index.php\/wp-json\/wp\/v2\/categories?post=17766"},{"taxonomy":"post_tag","embeddable":true,"href":"https:\/\/www.lejournalduforkane.com\/index.php\/wp-json\/wp\/v2\/tags?post=17766"}],"curies":[{"name":"wp","href":"https:\/\/api.w.org\/{rel}","templated":true}]}}