
{"id":17775,"date":"2017-09-19T18:29:49","date_gmt":"2017-09-19T18:29:49","guid":{"rendered":"https:\/\/www.lejournalduforkane.com\/?p=17775"},"modified":"2017-09-19T18:29:49","modified_gmt":"2017-09-19T18:29:49","slug":"regardez-comment-les-soldats-de-larmee-arabe-syrienne-capturent-des-terroristes-salafistes-de-daesh-de-lautre-cote-de-leuphrate-apres-lavoir-traverse-a-deir-ez-zor","status":"publish","type":"post","link":"https:\/\/www.lejournalduforkane.com\/index.php\/regardez-comment-les-soldats-de-larmee-arabe-syrienne-capturent-des-terroristes-salafistes-de-daesh-de-lautre-cote-de-leuphrate-apres-lavoir-traverse-a-deir-ez-zor\/","title":{"rendered":"Regardez comment les soldats de l&rsquo;Arm\u00e9e Arabe Syrienne capturent des terroristes salafistes de Daesh de l&rsquo;autre cot\u00e9 de l&rsquo;Euphrate, apr\u00e8s l&rsquo;avoir travers\u00e9&#8230; \u00e0 Deir Ez Zor"},"content":{"rendered":"<p><!--more--><br \/>\n<iframe loading=\"lazy\" src=\"https:\/\/www.youtube.com\/embed\/ve1d4E0Su0s\" width=\"560\" height=\"315\" frameborder=\"0\" allowfullscreen=\"allowfullscreen\"><\/iframe><\/p>\n","protected":false},"excerpt":{"rendered":"","protected":false},"author":2,"featured_media":0,"comment_status":"closed","ping_status":"open","sticky":false,"template":"","format":"standard","meta":[],"categories":[49],"tags":[],"_links":{"self":[{"href":"https:\/\/www.lejournalduforkane.com\/index.php\/wp-json\/wp\/v2\/posts\/17775"}],"collection":[{"href":"https:\/\/www.lejournalduforkane.com\/index.php\/wp-json\/wp\/v2\/posts"}],"about":[{"href":"https:\/\/www.lejournalduforkane.com\/index.php\/wp-json\/wp\/v2\/types\/post"}],"author":[{"embeddable":true,"href":"https:\/\/www.lejournalduforkane.com\/index.php\/wp-json\/wp\/v2\/users\/2"}],"replies":[{"embeddable":true,"href":"https:\/\/www.lejournalduforkane.com\/index.php\/wp-json\/wp\/v2\/comments?post=17775"}],"version-history":[{"count":1,"href":"https:\/\/www.lejournalduforkane.com\/index.php\/wp-json\/wp\/v2\/posts\/17775\/revisions"}],"predecessor-version":[{"id":17777,"href":"https:\/\/www.lejournalduforkane.com\/index.php\/wp-json\/wp\/v2\/posts\/17775\/revisions\/17777"}],"wp:attachment":[{"href":"https:\/\/www.lejournalduforkane.com\/index.php\/wp-json\/wp\/v2\/media?parent=17775"}],"wp:term":[{"taxonomy":"category","embeddable":true,"href":"https:\/\/www.lejournalduforkane.com\/index.php\/wp-json\/wp\/v2\/categories?post=17775"},{"taxonomy":"post_tag","embeddable":true,"href":"https:\/\/www.lejournalduforkane.com\/index.php\/wp-json\/wp\/v2\/tags?post=17775"}],"curies":[{"name":"wp","href":"https:\/\/api.w.org\/{rel}","templated":true}]}}