
{"id":17790,"date":"2017-09-20T18:29:01","date_gmt":"2017-09-20T18:29:01","guid":{"rendered":"https:\/\/www.lejournalduforkane.com\/?p=17790"},"modified":"2017-09-20T18:29:01","modified_gmt":"2017-09-20T18:29:01","slug":"video-regardez-les-terroristes-de-daesh-crier-et-pleurer-face-aux-chars-de-larmee-arabe-syrienne","status":"publish","type":"post","link":"https:\/\/www.lejournalduforkane.com\/index.php\/video-regardez-les-terroristes-de-daesh-crier-et-pleurer-face-aux-chars-de-larmee-arabe-syrienne\/","title":{"rendered":"[VIDEO] Regardez les terroristes de Daesh crier et pleurer face aux chars de l&rsquo;Arm\u00e9e Arabe Syrienne"},"content":{"rendered":"<p><!--more--><\/p>\n<p>L&rsquo;arm\u00e9e syrienne et le Hezbollah ont trouv\u00e9 cette vid\u00e9o sur la cam\u00e9ra GO Pro du groupe terroriste<br \/>\n<iframe loading=\"lazy\" src=\"https:\/\/www.youtube.com\/embed\/COI2fA7LEdE\" width=\"560\" height=\"315\" frameborder=\"0\" allowfullscreen=\"allowfullscreen\"><\/iframe><\/p>\n","protected":false},"excerpt":{"rendered":"L'arm\u00e9e syrienne et le Hezbollah ont trouv\u00e9 cette vid\u00e9o sur la cam\u00e9ra GO Pro du groupe terroriste","protected":false},"author":2,"featured_media":0,"comment_status":"closed","ping_status":"open","sticky":false,"template":"","format":"standard","meta":[],"categories":[49],"tags":[],"_links":{"self":[{"href":"https:\/\/www.lejournalduforkane.com\/index.php\/wp-json\/wp\/v2\/posts\/17790"}],"collection":[{"href":"https:\/\/www.lejournalduforkane.com\/index.php\/wp-json\/wp\/v2\/posts"}],"about":[{"href":"https:\/\/www.lejournalduforkane.com\/index.php\/wp-json\/wp\/v2\/types\/post"}],"author":[{"embeddable":true,"href":"https:\/\/www.lejournalduforkane.com\/index.php\/wp-json\/wp\/v2\/users\/2"}],"replies":[{"embeddable":true,"href":"https:\/\/www.lejournalduforkane.com\/index.php\/wp-json\/wp\/v2\/comments?post=17790"}],"version-history":[{"count":1,"href":"https:\/\/www.lejournalduforkane.com\/index.php\/wp-json\/wp\/v2\/posts\/17790\/revisions"}],"predecessor-version":[{"id":17792,"href":"https:\/\/www.lejournalduforkane.com\/index.php\/wp-json\/wp\/v2\/posts\/17790\/revisions\/17792"}],"wp:attachment":[{"href":"https:\/\/www.lejournalduforkane.com\/index.php\/wp-json\/wp\/v2\/media?parent=17790"}],"wp:term":[{"taxonomy":"category","embeddable":true,"href":"https:\/\/www.lejournalduforkane.com\/index.php\/wp-json\/wp\/v2\/categories?post=17790"},{"taxonomy":"post_tag","embeddable":true,"href":"https:\/\/www.lejournalduforkane.com\/index.php\/wp-json\/wp\/v2\/tags?post=17790"}],"curies":[{"name":"wp","href":"https:\/\/api.w.org\/{rel}","templated":true}]}}