
{"id":17810,"date":"2017-09-21T18:42:14","date_gmt":"2017-09-21T18:42:14","guid":{"rendered":"https:\/\/www.lejournalduforkane.com\/?p=17810"},"modified":"2017-09-21T18:42:14","modified_gmt":"2017-09-21T18:42:14","slug":"video-les-usa-aident-les-terroristes-a-empecher-lavancee-des-troupes-de-damas","status":"publish","type":"post","link":"https:\/\/www.lejournalduforkane.com\/index.php\/video-les-usa-aident-les-terroristes-a-empecher-lavancee-des-troupes-de-damas\/","title":{"rendered":"[Vid\u00e9o] | Les USA aident les terroristes \u00e0 emp\u00eacher l\u2019avanc\u00e9e des troupes de Damas"},"content":{"rendered":"<p><!--more--><\/p>\n<p style=\"text-align: justify;\">Le g\u00e9n\u00e9ral Sergue\u00ef Roudsko\u00ef, chef des op\u00e9rations \u00e0 l&rsquo;\u00e9tat-major russe, a fait savoir qu\u2019une offensive contre les positions des forces gouvernementales au nord et au nord-est de la ville de Hama dans la zone de d\u00e9sescalade d\u2019Idleb a \u00e9t\u00e9 planifi\u00e9e par les combattants du Front al-Nosra avec l\u2019aide des services sp\u00e9ciaux am\u00e9ricains en vue d\u2019emp\u00eacher l\u2019avanc\u00e9e des troupes gouvernementales \u00e0 l&rsquo;est de Deir-ez-Zor.<\/p>\n<p><iframe loading=\"lazy\" src=\"https:\/\/www.youtube.com\/embed\/QNGZGHRnfsM\" width=\"560\" height=\"315\" frameborder=\"0\" allowfullscreen=\"allowfullscreen\"><\/iframe><\/p>\n","protected":false},"excerpt":{"rendered":"Le g\u00e9n\u00e9ral Sergue\u00ef Roudsko\u00ef, chef des op\u00e9rations \u00e0 l'\u00e9tat-major russe, a fait savoir qu\u2019une offensive contre les positions des forces gouvernementales au nord et au nord-est de la ville de","protected":false},"author":2,"featured_media":0,"comment_status":"closed","ping_status":"open","sticky":false,"template":"","format":"standard","meta":[],"categories":[49],"tags":[],"_links":{"self":[{"href":"https:\/\/www.lejournalduforkane.com\/index.php\/wp-json\/wp\/v2\/posts\/17810"}],"collection":[{"href":"https:\/\/www.lejournalduforkane.com\/index.php\/wp-json\/wp\/v2\/posts"}],"about":[{"href":"https:\/\/www.lejournalduforkane.com\/index.php\/wp-json\/wp\/v2\/types\/post"}],"author":[{"embeddable":true,"href":"https:\/\/www.lejournalduforkane.com\/index.php\/wp-json\/wp\/v2\/users\/2"}],"replies":[{"embeddable":true,"href":"https:\/\/www.lejournalduforkane.com\/index.php\/wp-json\/wp\/v2\/comments?post=17810"}],"version-history":[{"count":1,"href":"https:\/\/www.lejournalduforkane.com\/index.php\/wp-json\/wp\/v2\/posts\/17810\/revisions"}],"predecessor-version":[{"id":17812,"href":"https:\/\/www.lejournalduforkane.com\/index.php\/wp-json\/wp\/v2\/posts\/17810\/revisions\/17812"}],"wp:attachment":[{"href":"https:\/\/www.lejournalduforkane.com\/index.php\/wp-json\/wp\/v2\/media?parent=17810"}],"wp:term":[{"taxonomy":"category","embeddable":true,"href":"https:\/\/www.lejournalduforkane.com\/index.php\/wp-json\/wp\/v2\/categories?post=17810"},{"taxonomy":"post_tag","embeddable":true,"href":"https:\/\/www.lejournalduforkane.com\/index.php\/wp-json\/wp\/v2\/tags?post=17810"}],"curies":[{"name":"wp","href":"https:\/\/api.w.org\/{rel}","templated":true}]}}