
{"id":17813,"date":"2017-09-22T18:37:40","date_gmt":"2017-09-22T18:37:40","guid":{"rendered":"https:\/\/www.lejournalduforkane.com\/?p=17813"},"modified":"2017-09-22T18:37:40","modified_gmt":"2017-09-22T18:37:40","slug":"le-general-iranien-qassem-soleimani-plus-que-2-mois-pour-mettre-fin-a-daech","status":"publish","type":"post","link":"https:\/\/www.lejournalduforkane.com\/index.php\/le-general-iranien-qassem-soleimani-plus-que-2-mois-pour-mettre-fin-a-daech\/","title":{"rendered":"Le g\u00e9n\u00e9ral iranien Qassem Soleimani : \u00ab\u00a0Plus que 2 mois, pour mettre fin \u00e0 Daech\u00a0\u00bb"},"content":{"rendered":"<p><!--more--><\/p>\n<p style=\"text-align: justify;\">Ce sont les mots du tr\u00e8s c\u00e9l\u00e8bre g\u00e9n\u00e9ral iranien Qassem Soleimani. On rappelle qu&rsquo;il est commandant de la Force Al-Qods.<\/p>\n<p style=\"text-align: justify;\">Depuis septembre 2014, l\u2019Iran est venu en aide aux syriens et aux irakiens. Qassem Soleimani a pris en main la strat\u00e9gie militaire et su galvaniser les troupes. Depuis son arriv\u00e9e, l\u2019arm\u00e9e syrienne et irakienne vont de victoire en victoire\u2026<\/p>\n<p><iframe loading=\"lazy\" src=\"https:\/\/www.youtube.com\/embed\/eP12dD5flI4\" width=\"560\" height=\"315\" frameborder=\"0\" allowfullscreen=\"allowfullscreen\"><\/iframe><\/p>\n","protected":false},"excerpt":{"rendered":"Ce sont les mots du tr\u00e8s c\u00e9l\u00e8bre g\u00e9n\u00e9ral iranien Qassem Soleimani. On rappelle qu'il est commandant de la Force Al-Qods. Depuis septembre 2014, l\u2019Iran est venu en aide aux syriens","protected":false},"author":2,"featured_media":0,"comment_status":"closed","ping_status":"open","sticky":false,"template":"","format":"standard","meta":[],"categories":[49],"tags":[],"_links":{"self":[{"href":"https:\/\/www.lejournalduforkane.com\/index.php\/wp-json\/wp\/v2\/posts\/17813"}],"collection":[{"href":"https:\/\/www.lejournalduforkane.com\/index.php\/wp-json\/wp\/v2\/posts"}],"about":[{"href":"https:\/\/www.lejournalduforkane.com\/index.php\/wp-json\/wp\/v2\/types\/post"}],"author":[{"embeddable":true,"href":"https:\/\/www.lejournalduforkane.com\/index.php\/wp-json\/wp\/v2\/users\/2"}],"replies":[{"embeddable":true,"href":"https:\/\/www.lejournalduforkane.com\/index.php\/wp-json\/wp\/v2\/comments?post=17813"}],"version-history":[{"count":1,"href":"https:\/\/www.lejournalduforkane.com\/index.php\/wp-json\/wp\/v2\/posts\/17813\/revisions"}],"predecessor-version":[{"id":17815,"href":"https:\/\/www.lejournalduforkane.com\/index.php\/wp-json\/wp\/v2\/posts\/17813\/revisions\/17815"}],"wp:attachment":[{"href":"https:\/\/www.lejournalduforkane.com\/index.php\/wp-json\/wp\/v2\/media?parent=17813"}],"wp:term":[{"taxonomy":"category","embeddable":true,"href":"https:\/\/www.lejournalduforkane.com\/index.php\/wp-json\/wp\/v2\/categories?post=17813"},{"taxonomy":"post_tag","embeddable":true,"href":"https:\/\/www.lejournalduforkane.com\/index.php\/wp-json\/wp\/v2\/tags?post=17813"}],"curies":[{"name":"wp","href":"https:\/\/api.w.org\/{rel}","templated":true}]}}