
{"id":17866,"date":"2017-09-25T18:35:15","date_gmt":"2017-09-25T18:35:15","guid":{"rendered":"https:\/\/www.lejournalduforkane.com\/?p=17866"},"modified":"2017-09-25T18:35:15","modified_gmt":"2017-09-25T18:35:15","slug":"video-des-voitures-transportent-le-drapeau-israelien-dans-les-rues-de-la-region-du-kurdistan-irakien-avant-le-vote-de-secession","status":"publish","type":"post","link":"https:\/\/www.lejournalduforkane.com\/index.php\/video-des-voitures-transportent-le-drapeau-israelien-dans-les-rues-de-la-region-du-kurdistan-irakien-avant-le-vote-de-secession\/","title":{"rendered":"[Vid\u00e9o] | Des voitures transportent le drapeau isra\u00e9lien dans les rues de la r\u00e9gion du Kurdistan irakien avant le vote de s\u00e9cession"},"content":{"rendered":"<p><!--more--><\/p>\n<p>C&rsquo;est un r\u00e9f\u00e9rendum pour faire partie d&rsquo;Isra\u00ebl, et non pas devenir un pays ind\u00e9pendant<\/p>\n<p><iframe loading=\"lazy\" src=\"https:\/\/www.youtube.com\/embed\/ii9x9bPVlxE\" width=\"560\" height=\"315\" frameborder=\"0\" allowfullscreen=\"allowfullscreen\"><\/iframe><\/p>\n","protected":false},"excerpt":{"rendered":"C'est un r\u00e9f\u00e9rendum pour faire partie d'Isra\u00ebl, et non pas devenir un pays ind\u00e9pendant","protected":false},"author":2,"featured_media":0,"comment_status":"closed","ping_status":"open","sticky":false,"template":"","format":"standard","meta":[],"categories":[49],"tags":[],"_links":{"self":[{"href":"https:\/\/www.lejournalduforkane.com\/index.php\/wp-json\/wp\/v2\/posts\/17866"}],"collection":[{"href":"https:\/\/www.lejournalduforkane.com\/index.php\/wp-json\/wp\/v2\/posts"}],"about":[{"href":"https:\/\/www.lejournalduforkane.com\/index.php\/wp-json\/wp\/v2\/types\/post"}],"author":[{"embeddable":true,"href":"https:\/\/www.lejournalduforkane.com\/index.php\/wp-json\/wp\/v2\/users\/2"}],"replies":[{"embeddable":true,"href":"https:\/\/www.lejournalduforkane.com\/index.php\/wp-json\/wp\/v2\/comments?post=17866"}],"version-history":[{"count":1,"href":"https:\/\/www.lejournalduforkane.com\/index.php\/wp-json\/wp\/v2\/posts\/17866\/revisions"}],"predecessor-version":[{"id":17868,"href":"https:\/\/www.lejournalduforkane.com\/index.php\/wp-json\/wp\/v2\/posts\/17866\/revisions\/17868"}],"wp:attachment":[{"href":"https:\/\/www.lejournalduforkane.com\/index.php\/wp-json\/wp\/v2\/media?parent=17866"}],"wp:term":[{"taxonomy":"category","embeddable":true,"href":"https:\/\/www.lejournalduforkane.com\/index.php\/wp-json\/wp\/v2\/categories?post=17866"},{"taxonomy":"post_tag","embeddable":true,"href":"https:\/\/www.lejournalduforkane.com\/index.php\/wp-json\/wp\/v2\/tags?post=17866"}],"curies":[{"name":"wp","href":"https:\/\/api.w.org\/{rel}","templated":true}]}}