
{"id":17881,"date":"2017-09-26T18:12:32","date_gmt":"2017-09-26T18:12:32","guid":{"rendered":"https:\/\/www.lejournalduforkane.com\/?p=17881"},"modified":"2017-09-26T18:12:32","modified_gmt":"2017-09-26T18:12:32","slug":"video-bhl-supervise-le-bon-deroulement-du-referendum-sur-lindependance-du-kurdistan","status":"publish","type":"post","link":"https:\/\/www.lejournalduforkane.com\/index.php\/video-bhl-supervise-le-bon-deroulement-du-referendum-sur-lindependance-du-kurdistan\/","title":{"rendered":"[Vid\u00e9o] | BHL supervise le \u00ab\u00a0bon\u00a0\u00bb d\u00e9roulement du r\u00e9f\u00e9rendum sur l\u2019ind\u00e9pendance du \u00ab\u00a0Kurdistan\u00a0\u00bb"},"content":{"rendered":"<p><!--more--><\/p>\n<p><iframe loading=\"lazy\" src=\"https:\/\/www.youtube.com\/embed\/ROvMuU-c1Bo\" width=\"560\" height=\"315\" frameborder=\"0\" allowfullscreen=\"allowfullscreen\"><\/iframe><\/p>\n","protected":false},"excerpt":{"rendered":"","protected":false},"author":2,"featured_media":0,"comment_status":"closed","ping_status":"open","sticky":false,"template":"","format":"standard","meta":[],"categories":[49],"tags":[],"_links":{"self":[{"href":"https:\/\/www.lejournalduforkane.com\/index.php\/wp-json\/wp\/v2\/posts\/17881"}],"collection":[{"href":"https:\/\/www.lejournalduforkane.com\/index.php\/wp-json\/wp\/v2\/posts"}],"about":[{"href":"https:\/\/www.lejournalduforkane.com\/index.php\/wp-json\/wp\/v2\/types\/post"}],"author":[{"embeddable":true,"href":"https:\/\/www.lejournalduforkane.com\/index.php\/wp-json\/wp\/v2\/users\/2"}],"replies":[{"embeddable":true,"href":"https:\/\/www.lejournalduforkane.com\/index.php\/wp-json\/wp\/v2\/comments?post=17881"}],"version-history":[{"count":1,"href":"https:\/\/www.lejournalduforkane.com\/index.php\/wp-json\/wp\/v2\/posts\/17881\/revisions"}],"predecessor-version":[{"id":17883,"href":"https:\/\/www.lejournalduforkane.com\/index.php\/wp-json\/wp\/v2\/posts\/17881\/revisions\/17883"}],"wp:attachment":[{"href":"https:\/\/www.lejournalduforkane.com\/index.php\/wp-json\/wp\/v2\/media?parent=17881"}],"wp:term":[{"taxonomy":"category","embeddable":true,"href":"https:\/\/www.lejournalduforkane.com\/index.php\/wp-json\/wp\/v2\/categories?post=17881"},{"taxonomy":"post_tag","embeddable":true,"href":"https:\/\/www.lejournalduforkane.com\/index.php\/wp-json\/wp\/v2\/tags?post=17881"}],"curies":[{"name":"wp","href":"https:\/\/api.w.org\/{rel}","templated":true}]}}