
{"id":17910,"date":"2017-09-30T15:04:36","date_gmt":"2017-09-30T15:04:36","guid":{"rendered":"https:\/\/www.lejournalduforkane.com\/?p=17910"},"modified":"2017-09-30T15:15:40","modified_gmt":"2017-09-30T15:15:40","slug":"aujourdhui-30-septembre-2017-marque-la-celebration-du-17eme-anniversaire-du-meurtre-du-petit-enfant-mohamad-al-dura","status":"publish","type":"post","link":"https:\/\/www.lejournalduforkane.com\/index.php\/aujourdhui-30-septembre-2017-marque-la-celebration-du-17eme-anniversaire-du-meurtre-du-petit-enfant-mohamad-al-dura\/","title":{"rendered":"Aujourd&rsquo;hui, 30 Septembre 2017 marque la c\u00e9l\u00e9bration du 17\u00e8me anniversaire du meurtre du petit enfant Mohamad al-Dura"},"content":{"rendered":"<p><!--more--><\/p>\n<p>Aujourd&rsquo;hui, 30 Septembre 2017 marque la c\u00e9l\u00e9bration du 17\u00e8me anniversaire du meurtre du petit enfant Mohamad al-Dura. Il a l\u00e2chement \u00e9t\u00e9 tu\u00e9, avec son p\u00e8re, par les forces de s\u00e9curit\u00e9 isra\u00e9liennes.<\/p>\n<p>Ce n&rsquo;\u00e9tait ni le premier enfant, ni le dernier ! Mais cet enfant est devenu le symbole de la R\u00e9sistance palestinienne contre l&rsquo;oppression sioniste.<br \/>\n<iframe loading=\"lazy\" src=\"\/\/rutube.ru\/play\/embed\/10626273\" width=\"720\" height=\"405\" frameborder=\"0\" allowfullscreen=\"allowfullscreen\"><\/iframe><\/p>\n<p>&nbsp;<\/p>\n","protected":false},"excerpt":{"rendered":"Aujourd'hui, 30 Septembre 2017 marque la c\u00e9l\u00e9bration du 17\u00e8me anniversaire du meurtre du petit enfant Mohamad al-Dura. Il a l\u00e2chement \u00e9t\u00e9 tu\u00e9, avec son p\u00e8re, par les forces de s\u00e9curit\u00e9","protected":false},"author":2,"featured_media":0,"comment_status":"closed","ping_status":"open","sticky":false,"template":"","format":"standard","meta":[],"categories":[49],"tags":[],"_links":{"self":[{"href":"https:\/\/www.lejournalduforkane.com\/index.php\/wp-json\/wp\/v2\/posts\/17910"}],"collection":[{"href":"https:\/\/www.lejournalduforkane.com\/index.php\/wp-json\/wp\/v2\/posts"}],"about":[{"href":"https:\/\/www.lejournalduforkane.com\/index.php\/wp-json\/wp\/v2\/types\/post"}],"author":[{"embeddable":true,"href":"https:\/\/www.lejournalduforkane.com\/index.php\/wp-json\/wp\/v2\/users\/2"}],"replies":[{"embeddable":true,"href":"https:\/\/www.lejournalduforkane.com\/index.php\/wp-json\/wp\/v2\/comments?post=17910"}],"version-history":[{"count":3,"href":"https:\/\/www.lejournalduforkane.com\/index.php\/wp-json\/wp\/v2\/posts\/17910\/revisions"}],"predecessor-version":[{"id":17921,"href":"https:\/\/www.lejournalduforkane.com\/index.php\/wp-json\/wp\/v2\/posts\/17910\/revisions\/17921"}],"wp:attachment":[{"href":"https:\/\/www.lejournalduforkane.com\/index.php\/wp-json\/wp\/v2\/media?parent=17910"}],"wp:term":[{"taxonomy":"category","embeddable":true,"href":"https:\/\/www.lejournalduforkane.com\/index.php\/wp-json\/wp\/v2\/categories?post=17910"},{"taxonomy":"post_tag","embeddable":true,"href":"https:\/\/www.lejournalduforkane.com\/index.php\/wp-json\/wp\/v2\/tags?post=17910"}],"curies":[{"name":"wp","href":"https:\/\/api.w.org\/{rel}","templated":true}]}}