
{"id":17941,"date":"2017-10-02T18:40:27","date_gmt":"2017-10-02T18:40:27","guid":{"rendered":"https:\/\/www.lejournalduforkane.com\/?p=17941"},"modified":"2017-10-02T18:40:27","modified_gmt":"2017-10-02T18:40:27","slug":"video-chretiens-a-karbala-au-nom-de-jesus-fils-de-marie-nous-presentons-nos-condoleances","status":"publish","type":"post","link":"https:\/\/www.lejournalduforkane.com\/index.php\/video-chretiens-a-karbala-au-nom-de-jesus-fils-de-marie-nous-presentons-nos-condoleances\/","title":{"rendered":"[Vid\u00e9o] | Chr\u00e9tiens \u00e0 Karbala : \u00ab\u00a0Au nom de J\u00e9sus fils de Marie nous pr\u00e9sentons nos condol\u00e9ances\u00a0\u00bb"},"content":{"rendered":"<p><!--more--><br \/>\n<iframe loading=\"lazy\" src=\"https:\/\/www.youtube.com\/embed\/V1UsoNpcZrg\" width=\"560\" height=\"315\" frameborder=\"0\" allowfullscreen=\"allowfullscreen\"><\/iframe><\/p>\n","protected":false},"excerpt":{"rendered":"","protected":false},"author":2,"featured_media":0,"comment_status":"closed","ping_status":"open","sticky":false,"template":"","format":"standard","meta":[],"categories":[49],"tags":[],"_links":{"self":[{"href":"https:\/\/www.lejournalduforkane.com\/index.php\/wp-json\/wp\/v2\/posts\/17941"}],"collection":[{"href":"https:\/\/www.lejournalduforkane.com\/index.php\/wp-json\/wp\/v2\/posts"}],"about":[{"href":"https:\/\/www.lejournalduforkane.com\/index.php\/wp-json\/wp\/v2\/types\/post"}],"author":[{"embeddable":true,"href":"https:\/\/www.lejournalduforkane.com\/index.php\/wp-json\/wp\/v2\/users\/2"}],"replies":[{"embeddable":true,"href":"https:\/\/www.lejournalduforkane.com\/index.php\/wp-json\/wp\/v2\/comments?post=17941"}],"version-history":[{"count":1,"href":"https:\/\/www.lejournalduforkane.com\/index.php\/wp-json\/wp\/v2\/posts\/17941\/revisions"}],"predecessor-version":[{"id":17943,"href":"https:\/\/www.lejournalduforkane.com\/index.php\/wp-json\/wp\/v2\/posts\/17941\/revisions\/17943"}],"wp:attachment":[{"href":"https:\/\/www.lejournalduforkane.com\/index.php\/wp-json\/wp\/v2\/media?parent=17941"}],"wp:term":[{"taxonomy":"category","embeddable":true,"href":"https:\/\/www.lejournalduforkane.com\/index.php\/wp-json\/wp\/v2\/categories?post=17941"},{"taxonomy":"post_tag","embeddable":true,"href":"https:\/\/www.lejournalduforkane.com\/index.php\/wp-json\/wp\/v2\/tags?post=17941"}],"curies":[{"name":"wp","href":"https:\/\/api.w.org\/{rel}","templated":true}]}}