
{"id":17944,"date":"2017-10-02T18:46:35","date_gmt":"2017-10-02T18:46:35","guid":{"rendered":"https:\/\/www.lejournalduforkane.com\/?p=17944"},"modified":"2017-10-02T18:46:35","modified_gmt":"2017-10-02T18:46:35","slug":"video-des-terroristes-de-daesh-arretes-dans-la-region-de-moscou","status":"publish","type":"post","link":"https:\/\/www.lejournalduforkane.com\/index.php\/video-des-terroristes-de-daesh-arretes-dans-la-region-de-moscou\/","title":{"rendered":"[VIDEO] Des terroristes de Daesh arr\u00eat\u00e9s dans la r\u00e9gion de Moscou"},"content":{"rendered":"<p><!--more--><\/p>\n<p>Ils projetaient d\u2019organiser des attentats de grande envergure dans les transports et autres lieux de forte affluence. Originaires du Caucase du Nord, ils d\u00e9tenaient un large arsenal d\u2019explosifs.<br \/>\n<iframe loading=\"lazy\" src=\"https:\/\/www.youtube.com\/embed\/6Zf81lmvmjw\" width=\"560\" height=\"315\" frameborder=\"0\" allowfullscreen=\"allowfullscreen\"><\/iframe><\/p>\n","protected":false},"excerpt":{"rendered":"Ils projetaient d\u2019organiser des attentats de grande envergure dans les transports et autres lieux de forte affluence. Originaires du Caucase du Nord, ils d\u00e9tenaient un large arsenal d\u2019explosifs.","protected":false},"author":2,"featured_media":0,"comment_status":"closed","ping_status":"open","sticky":false,"template":"","format":"standard","meta":[],"categories":[49],"tags":[],"_links":{"self":[{"href":"https:\/\/www.lejournalduforkane.com\/index.php\/wp-json\/wp\/v2\/posts\/17944"}],"collection":[{"href":"https:\/\/www.lejournalduforkane.com\/index.php\/wp-json\/wp\/v2\/posts"}],"about":[{"href":"https:\/\/www.lejournalduforkane.com\/index.php\/wp-json\/wp\/v2\/types\/post"}],"author":[{"embeddable":true,"href":"https:\/\/www.lejournalduforkane.com\/index.php\/wp-json\/wp\/v2\/users\/2"}],"replies":[{"embeddable":true,"href":"https:\/\/www.lejournalduforkane.com\/index.php\/wp-json\/wp\/v2\/comments?post=17944"}],"version-history":[{"count":1,"href":"https:\/\/www.lejournalduforkane.com\/index.php\/wp-json\/wp\/v2\/posts\/17944\/revisions"}],"predecessor-version":[{"id":17946,"href":"https:\/\/www.lejournalduforkane.com\/index.php\/wp-json\/wp\/v2\/posts\/17944\/revisions\/17946"}],"wp:attachment":[{"href":"https:\/\/www.lejournalduforkane.com\/index.php\/wp-json\/wp\/v2\/media?parent=17944"}],"wp:term":[{"taxonomy":"category","embeddable":true,"href":"https:\/\/www.lejournalduforkane.com\/index.php\/wp-json\/wp\/v2\/categories?post=17944"},{"taxonomy":"post_tag","embeddable":true,"href":"https:\/\/www.lejournalduforkane.com\/index.php\/wp-json\/wp\/v2\/tags?post=17944"}],"curies":[{"name":"wp","href":"https:\/\/api.w.org\/{rel}","templated":true}]}}