
{"id":17947,"date":"2017-10-02T18:53:22","date_gmt":"2017-10-02T18:53:22","guid":{"rendered":"https:\/\/www.lejournalduforkane.com\/?p=17947"},"modified":"2017-10-02T18:53:22","modified_gmt":"2017-10-02T18:53:22","slug":"regardez-un-palestinien-de-10-ans-arrete-par-les-forces-doccupation-israeliennes","status":"publish","type":"post","link":"https:\/\/www.lejournalduforkane.com\/index.php\/regardez-un-palestinien-de-10-ans-arrete-par-les-forces-doccupation-israeliennes\/","title":{"rendered":"Regardez un Palestinien de 10 ans arr\u00eat\u00e9 par les forces d&rsquo;occupation isra\u00e9liennes"},"content":{"rendered":"<p><!--more--><\/p>\n<p style=\"text-align: justify;\">C\u2019EST QUE CETTE ARM\u00c9E SIONISTE N\u2019EN EST PAS UNE. CE SONT DES TRA\u00ceTRES QUI S\u2019EN PRENNENT EXCLUSIVEMENT A PLUS FAIBLE QU\u2019EUX.<\/p>\n<p style=\"text-align: justify;\">D\u00e9non\u00e7ons ces crimes et soyons tous solidaires avec la Palestine.<\/p>\n<p><iframe loading=\"lazy\" src=\"https:\/\/www.youtube.com\/embed\/4q5tEms9bG4\" width=\"560\" height=\"315\" frameborder=\"0\" allowfullscreen=\"allowfullscreen\"><\/iframe><\/p>\n","protected":false},"excerpt":{"rendered":"C\u2019EST QUE CETTE ARM\u00c9E SIONISTE N\u2019EN EST PAS UNE. CE SONT DES TRA\u00ceTRES QUI S\u2019EN PRENNENT EXCLUSIVEMENT A PLUS FAIBLE QU\u2019EUX. D\u00e9non\u00e7ons ces crimes et soyons tous solidaires avec la","protected":false},"author":2,"featured_media":0,"comment_status":"closed","ping_status":"open","sticky":false,"template":"","format":"standard","meta":[],"categories":[49],"tags":[],"_links":{"self":[{"href":"https:\/\/www.lejournalduforkane.com\/index.php\/wp-json\/wp\/v2\/posts\/17947"}],"collection":[{"href":"https:\/\/www.lejournalduforkane.com\/index.php\/wp-json\/wp\/v2\/posts"}],"about":[{"href":"https:\/\/www.lejournalduforkane.com\/index.php\/wp-json\/wp\/v2\/types\/post"}],"author":[{"embeddable":true,"href":"https:\/\/www.lejournalduforkane.com\/index.php\/wp-json\/wp\/v2\/users\/2"}],"replies":[{"embeddable":true,"href":"https:\/\/www.lejournalduforkane.com\/index.php\/wp-json\/wp\/v2\/comments?post=17947"}],"version-history":[{"count":1,"href":"https:\/\/www.lejournalduforkane.com\/index.php\/wp-json\/wp\/v2\/posts\/17947\/revisions"}],"predecessor-version":[{"id":17949,"href":"https:\/\/www.lejournalduforkane.com\/index.php\/wp-json\/wp\/v2\/posts\/17947\/revisions\/17949"}],"wp:attachment":[{"href":"https:\/\/www.lejournalduforkane.com\/index.php\/wp-json\/wp\/v2\/media?parent=17947"}],"wp:term":[{"taxonomy":"category","embeddable":true,"href":"https:\/\/www.lejournalduforkane.com\/index.php\/wp-json\/wp\/v2\/categories?post=17947"},{"taxonomy":"post_tag","embeddable":true,"href":"https:\/\/www.lejournalduforkane.com\/index.php\/wp-json\/wp\/v2\/tags?post=17947"}],"curies":[{"name":"wp","href":"https:\/\/api.w.org\/{rel}","templated":true}]}}