
{"id":17954,"date":"2017-10-03T18:29:09","date_gmt":"2017-10-03T18:29:09","guid":{"rendered":"https:\/\/www.lejournalduforkane.com\/?p=17954"},"modified":"2017-10-03T18:29:09","modified_gmt":"2017-10-03T18:29:09","slug":"laviation-russe-elimine-304-terroristes-de-daesh-en-2-jours","status":"publish","type":"post","link":"https:\/\/www.lejournalduforkane.com\/index.php\/laviation-russe-elimine-304-terroristes-de-daesh-en-2-jours\/","title":{"rendered":"L\u2019aviation russe \u00e9limine 304 terroristes de Daesh en 2 jours"},"content":{"rendered":"<p><!--more--><\/p>\n<p style=\"text-align: justify;\">Le minist\u00e8re russe de la D\u00e9fense a diffus\u00e9 une s\u00e9rie de vid\u00e9os montrant des avions des forces russes attaquer des djihadistes de Daesh dans la vall\u00e9e de l\u2019Euphrate. Durant ces deux jours, le quartier g\u00e9n\u00e9ral des terroristes et un d\u00e9p\u00f4t d\u2019armes ont \u00e9t\u00e9 d\u00e9truits et 304 terroristes \u00e9limin\u00e9s.<\/p>\n<p><iframe loading=\"lazy\" src=\"https:\/\/www.youtube.com\/embed\/TzrmO3sQDEc\" width=\"560\" height=\"315\" frameborder=\"0\" allowfullscreen=\"allowfullscreen\"><\/iframe><\/p>\n","protected":false},"excerpt":{"rendered":"Le minist\u00e8re russe de la D\u00e9fense a diffus\u00e9 une s\u00e9rie de vid\u00e9os montrant des avions des forces russes attaquer des djihadistes de Daesh dans la vall\u00e9e de l\u2019Euphrate. Durant ces","protected":false},"author":2,"featured_media":0,"comment_status":"closed","ping_status":"open","sticky":false,"template":"","format":"standard","meta":[],"categories":[49],"tags":[],"_links":{"self":[{"href":"https:\/\/www.lejournalduforkane.com\/index.php\/wp-json\/wp\/v2\/posts\/17954"}],"collection":[{"href":"https:\/\/www.lejournalduforkane.com\/index.php\/wp-json\/wp\/v2\/posts"}],"about":[{"href":"https:\/\/www.lejournalduforkane.com\/index.php\/wp-json\/wp\/v2\/types\/post"}],"author":[{"embeddable":true,"href":"https:\/\/www.lejournalduforkane.com\/index.php\/wp-json\/wp\/v2\/users\/2"}],"replies":[{"embeddable":true,"href":"https:\/\/www.lejournalduforkane.com\/index.php\/wp-json\/wp\/v2\/comments?post=17954"}],"version-history":[{"count":1,"href":"https:\/\/www.lejournalduforkane.com\/index.php\/wp-json\/wp\/v2\/posts\/17954\/revisions"}],"predecessor-version":[{"id":17956,"href":"https:\/\/www.lejournalduforkane.com\/index.php\/wp-json\/wp\/v2\/posts\/17954\/revisions\/17956"}],"wp:attachment":[{"href":"https:\/\/www.lejournalduforkane.com\/index.php\/wp-json\/wp\/v2\/media?parent=17954"}],"wp:term":[{"taxonomy":"category","embeddable":true,"href":"https:\/\/www.lejournalduforkane.com\/index.php\/wp-json\/wp\/v2\/categories?post=17954"},{"taxonomy":"post_tag","embeddable":true,"href":"https:\/\/www.lejournalduforkane.com\/index.php\/wp-json\/wp\/v2\/tags?post=17954"}],"curies":[{"name":"wp","href":"https:\/\/api.w.org\/{rel}","templated":true}]}}