
{"id":17961,"date":"2017-10-05T18:35:33","date_gmt":"2017-10-05T18:35:33","guid":{"rendered":"https:\/\/www.lejournalduforkane.com\/?p=17961"},"modified":"2017-10-05T18:35:33","modified_gmt":"2017-10-05T18:35:33","slug":"jalal-talabani-lindependance-kurde-est-irrealiste-linteret-kurde-est-de-rester-dans-un-irak-democratique","status":"publish","type":"post","link":"https:\/\/www.lejournalduforkane.com\/index.php\/jalal-talabani-lindependance-kurde-est-irrealiste-linteret-kurde-est-de-rester-dans-un-irak-democratique\/","title":{"rendered":"Jalal Talabani : \u00a0\u00bb L&rsquo;Ind\u00e9pendance Kurde est irr\u00e9aliste, l&rsquo;int\u00e9r\u00eat kurde est de rester dans un Irak d\u00e9mocratique \u00ab\u00a0"},"content":{"rendered":"<p><!--more--><\/p>\n<p>Jalal Talabani (kurde irakien) est mort hier. Il \u00e9tait l&rsquo;ancien Pr\u00e9sident de l&rsquo;Irak entre 2005-2014<br \/>\n<iframe loading=\"lazy\" src=\"https:\/\/www.youtube.com\/embed\/UZCVk-mU3iA\" width=\"560\" height=\"315\" frameborder=\"0\" allowfullscreen=\"allowfullscreen\"><\/iframe><\/p>\n","protected":false},"excerpt":{"rendered":"Jalal Talabani (kurde irakien) est mort hier. Il \u00e9tait l'ancien Pr\u00e9sident de l'Irak entre 2005-2014","protected":false},"author":2,"featured_media":0,"comment_status":"closed","ping_status":"open","sticky":false,"template":"","format":"standard","meta":[],"categories":[49],"tags":[],"_links":{"self":[{"href":"https:\/\/www.lejournalduforkane.com\/index.php\/wp-json\/wp\/v2\/posts\/17961"}],"collection":[{"href":"https:\/\/www.lejournalduforkane.com\/index.php\/wp-json\/wp\/v2\/posts"}],"about":[{"href":"https:\/\/www.lejournalduforkane.com\/index.php\/wp-json\/wp\/v2\/types\/post"}],"author":[{"embeddable":true,"href":"https:\/\/www.lejournalduforkane.com\/index.php\/wp-json\/wp\/v2\/users\/2"}],"replies":[{"embeddable":true,"href":"https:\/\/www.lejournalduforkane.com\/index.php\/wp-json\/wp\/v2\/comments?post=17961"}],"version-history":[{"count":1,"href":"https:\/\/www.lejournalduforkane.com\/index.php\/wp-json\/wp\/v2\/posts\/17961\/revisions"}],"predecessor-version":[{"id":17963,"href":"https:\/\/www.lejournalduforkane.com\/index.php\/wp-json\/wp\/v2\/posts\/17961\/revisions\/17963"}],"wp:attachment":[{"href":"https:\/\/www.lejournalduforkane.com\/index.php\/wp-json\/wp\/v2\/media?parent=17961"}],"wp:term":[{"taxonomy":"category","embeddable":true,"href":"https:\/\/www.lejournalduforkane.com\/index.php\/wp-json\/wp\/v2\/categories?post=17961"},{"taxonomy":"post_tag","embeddable":true,"href":"https:\/\/www.lejournalduforkane.com\/index.php\/wp-json\/wp\/v2\/tags?post=17961"}],"curies":[{"name":"wp","href":"https:\/\/api.w.org\/{rel}","templated":true}]}}