
{"id":17977,"date":"2017-11-22T19:45:46","date_gmt":"2017-11-22T19:45:46","guid":{"rendered":"https:\/\/www.lejournalduforkane.com\/?p=17977"},"modified":"2017-11-22T19:45:58","modified_gmt":"2017-11-22T19:45:58","slug":"daesh-un-monstre-aux-pieds-dargile","status":"publish","type":"post","link":"https:\/\/www.lejournalduforkane.com\/index.php\/daesh-un-monstre-aux-pieds-dargile\/","title":{"rendered":"Daesh, un monstre aux pieds d\u2019argile"},"content":{"rendered":"<p style=\"text-align: justify;\"><!--more--><\/p>\n<p style=\"text-align: justify;\">Daesh et Isra\u00ebl ne cachent plus leur commun destin qui est le califat et le grand Isra\u00ebl. Isra\u00ebl bombarde r\u00e9guli\u00e8rement les positions syriennes. Les djihadistes accueillent ces frappes comme un secours de Dieu. Alors, ils crient\u00a0: \u00ab\u00a0Allaho Akbar\u00a0\u00bb. Isra\u00ebl soigne, arme ces faux musulmans qui emp\u00eachent la Syrie de r\u00e9cup\u00e9rer le Golan occup\u00e9 par Isra\u00ebl sous le pr\u00e9texte fallacieux que la Syrie arme le Hezbollah.<\/p>\n<p style=\"text-align: justify;\">Les occidentaux ne disent rien car cette politique est conforme \u00e0 leurs strat\u00e9gies de domination au Moyen-orient. Daesh, ce sont 16\u00a0000 ou plus mercenaires \u00e9trangers venus de quelques 80 pays et pour la plupart de pays europ\u00e9ens. Le num\u00e9ro 2 du groupe est un g\u00e9orgien, ancien prisonnier et espion. Ils n\u2019ont jamais \u00e9t\u00e9 Musulmans.<\/p>\n<p style=\"text-align: justify;\">Pourquoi Daesh\u00a0 lance l\u2019excommunication (<em>takfir<\/em>) sur tous les Musulmans \u00ab\u00a0qui ne pensent pas comme eux\u00a0\u00bb\u00a0? R\u00e9ponse\u00a0: pour l\u00e9gitimer leurs massacres\u00a0 partout dans tous les pays o\u00f9 le groupe s\u00e9vit et permettre ainsi la recolonisation des pays arabo-musulmans.<\/p>\n<p style=\"text-align: justify;\">Daesh pratique \u00e9galement l\u2019esclavage, \u00a025000 femmes et enfants qu\u2019ils vendent dans tous les pays de la r\u00e9gion. Les femmes qui ont le malheur d\u2019\u00eatre belles sont vendues dans les march\u00e9s aux esclaves. Aussi, 124 savants ont d\u00e9clar\u00e9 Daesh anti-islamique et l\u2019ont d\u00e9nonc\u00e9 comme un fl\u00e9au \u00e0 combattre. Mais l\u2019aide arm\u00e9e \u00e0 Daesh par les m\u00eames pays qui s\u00e9vissent en Syrie, ne donne pas de poids aux bonnes intentions de ces savants. Car rappelons que la coalition comprend l\u2019Arabie et le Qatar qui financent les religieux dans le monde. Sans l\u2019argent, les armes et les hommes fournis par les pays, Daesh et les autres groupes ne tiendraient pas.<\/p>\n<p style=\"text-align: justify;\">Ce n\u2019est plus un complot, mais bel et bien une politique de destruction de toute une r\u00e9gion. Les Russes ont prouv\u00e9 la pr\u00e9sence d\u2019officiels et d\u2019espions venus d\u2019occident en Syrie et en Irak. Bien s\u00fbr, ils ne vont pas au combat. C\u2019est une politique r\u00e9fl\u00e9chie de terreur destin\u00e9e \u00e0 mettre le chaos afin que le pays ne se rel\u00e8ve jamais. L\u2019objectif \u00e9tant de briser toute id\u00e9e de r\u00e9sistance. Mais cette strat\u00e9gie mortif\u00e8re ne fonctionne plus et cela s\u2019est retourn\u00e9e contre eux\u00a0!<\/p>\n<p style=\"text-align: center;\"><strong>Al-Mahdi fera payer la trahison de ces groupes arm\u00e9s qui s\u2019acharnent sur les seuls Musulmans. <\/strong><\/p>\n","protected":false},"excerpt":{"rendered":"Daesh et Isra\u00ebl ne cachent plus leur commun destin qui est le califat et le grand Isra\u00ebl. Isra\u00ebl bombarde r\u00e9guli\u00e8rement les positions syriennes. Les djihadistes accueillent ces frappes comme un","protected":false},"author":2,"featured_media":0,"comment_status":"closed","ping_status":"open","sticky":false,"template":"","format":"standard","meta":[],"categories":[34],"tags":[],"_links":{"self":[{"href":"https:\/\/www.lejournalduforkane.com\/index.php\/wp-json\/wp\/v2\/posts\/17977"}],"collection":[{"href":"https:\/\/www.lejournalduforkane.com\/index.php\/wp-json\/wp\/v2\/posts"}],"about":[{"href":"https:\/\/www.lejournalduforkane.com\/index.php\/wp-json\/wp\/v2\/types\/post"}],"author":[{"embeddable":true,"href":"https:\/\/www.lejournalduforkane.com\/index.php\/wp-json\/wp\/v2\/users\/2"}],"replies":[{"embeddable":true,"href":"https:\/\/www.lejournalduforkane.com\/index.php\/wp-json\/wp\/v2\/comments?post=17977"}],"version-history":[{"count":1,"href":"https:\/\/www.lejournalduforkane.com\/index.php\/wp-json\/wp\/v2\/posts\/17977\/revisions"}],"predecessor-version":[{"id":17979,"href":"https:\/\/www.lejournalduforkane.com\/index.php\/wp-json\/wp\/v2\/posts\/17977\/revisions\/17979"}],"wp:attachment":[{"href":"https:\/\/www.lejournalduforkane.com\/index.php\/wp-json\/wp\/v2\/media?parent=17977"}],"wp:term":[{"taxonomy":"category","embeddable":true,"href":"https:\/\/www.lejournalduforkane.com\/index.php\/wp-json\/wp\/v2\/categories?post=17977"},{"taxonomy":"post_tag","embeddable":true,"href":"https:\/\/www.lejournalduforkane.com\/index.php\/wp-json\/wp\/v2\/tags?post=17977"}],"curies":[{"name":"wp","href":"https:\/\/api.w.org\/{rel}","templated":true}]}}