
{"id":17980,"date":"2017-10-06T18:58:07","date_gmt":"2017-10-06T18:58:07","guid":{"rendered":"https:\/\/www.lejournalduforkane.com\/?p=17980"},"modified":"2017-10-06T18:58:07","modified_gmt":"2017-10-06T18:58:07","slug":"je-suis-palestinien-serre-moi-dans-tes-bras","status":"publish","type":"post","link":"https:\/\/www.lejournalduforkane.com\/index.php\/je-suis-palestinien-serre-moi-dans-tes-bras\/","title":{"rendered":"Je suis palestinien, serre-moi dans tes bras"},"content":{"rendered":"<p><!--more--><\/p>\n<p>Ma terre est occup\u00e9e, le monde ne reconna\u00eet pas mon pays.<br \/>\nJe suis palestinien, serre-moi dans tes bras.<br \/>\nSu\u00e8de<br \/>\n<iframe loading=\"lazy\" src=\"https:\/\/www.youtube.com\/embed\/VnqRTboPKQE\" width=\"560\" height=\"315\" frameborder=\"0\" allowfullscreen=\"allowfullscreen\"><\/iframe><\/p>\n","protected":false},"excerpt":{"rendered":"Ma terre est occup\u00e9e, le monde ne reconna\u00eet pas mon pays. Je suis palestinien, serre-moi dans tes bras. Su\u00e8de","protected":false},"author":2,"featured_media":0,"comment_status":"closed","ping_status":"open","sticky":false,"template":"","format":"standard","meta":[],"categories":[49],"tags":[],"_links":{"self":[{"href":"https:\/\/www.lejournalduforkane.com\/index.php\/wp-json\/wp\/v2\/posts\/17980"}],"collection":[{"href":"https:\/\/www.lejournalduforkane.com\/index.php\/wp-json\/wp\/v2\/posts"}],"about":[{"href":"https:\/\/www.lejournalduforkane.com\/index.php\/wp-json\/wp\/v2\/types\/post"}],"author":[{"embeddable":true,"href":"https:\/\/www.lejournalduforkane.com\/index.php\/wp-json\/wp\/v2\/users\/2"}],"replies":[{"embeddable":true,"href":"https:\/\/www.lejournalduforkane.com\/index.php\/wp-json\/wp\/v2\/comments?post=17980"}],"version-history":[{"count":1,"href":"https:\/\/www.lejournalduforkane.com\/index.php\/wp-json\/wp\/v2\/posts\/17980\/revisions"}],"predecessor-version":[{"id":17982,"href":"https:\/\/www.lejournalduforkane.com\/index.php\/wp-json\/wp\/v2\/posts\/17980\/revisions\/17982"}],"wp:attachment":[{"href":"https:\/\/www.lejournalduforkane.com\/index.php\/wp-json\/wp\/v2\/media?parent=17980"}],"wp:term":[{"taxonomy":"category","embeddable":true,"href":"https:\/\/www.lejournalduforkane.com\/index.php\/wp-json\/wp\/v2\/categories?post=17980"},{"taxonomy":"post_tag","embeddable":true,"href":"https:\/\/www.lejournalduforkane.com\/index.php\/wp-json\/wp\/v2\/tags?post=17980"}],"curies":[{"name":"wp","href":"https:\/\/api.w.org\/{rel}","templated":true}]}}