
{"id":17989,"date":"2017-10-08T16:26:02","date_gmt":"2017-10-08T16:26:02","guid":{"rendered":"https:\/\/www.lejournalduforkane.com\/?p=17989"},"modified":"2017-10-08T16:26:02","modified_gmt":"2017-10-08T16:26:02","slug":"documentaire-comment-larmee-arabe-syrienne-et-ses-allies-ont-brise-le-siege-des-terroristes-de-daesh-sur-la-ville-de-deir-zor","status":"publish","type":"post","link":"https:\/\/www.lejournalduforkane.com\/index.php\/documentaire-comment-larmee-arabe-syrienne-et-ses-allies-ont-brise-le-siege-des-terroristes-de-daesh-sur-la-ville-de-deir-zor\/","title":{"rendered":"[Documentaire] | Comment l&rsquo;Arm\u00e9e Arabe Syrienne et ses alli\u00e9s ont bris\u00e9 le si\u00e8ge des terroristes de Daesh sur la ville de Deir Zor"},"content":{"rendered":"<p><!--more--><\/p>\n<p style=\"text-align: justify;\">[Documentaire] | Comment l&rsquo;Arm\u00e9e Arabe Syrienne et ses alli\u00e9s ont bris\u00e9 le si\u00e8ge des terroristes de Daesh sur la ville de Deir Zor, il y a quelques semaines<\/p>\n<p><iframe loading=\"lazy\" src=\"https:\/\/www.youtube.com\/embed\/GAEuTvC7Ujw\" width=\"560\" height=\"315\" frameborder=\"0\" allowfullscreen=\"allowfullscreen\"><\/iframe><\/p>\n","protected":false},"excerpt":{"rendered":"[Documentaire] | Comment l'Arm\u00e9e Arabe Syrienne et ses alli\u00e9s ont bris\u00e9 le si\u00e8ge des terroristes de Daesh sur la ville de Deir Zor, il y a quelques semaines","protected":false},"author":2,"featured_media":0,"comment_status":"closed","ping_status":"open","sticky":false,"template":"","format":"standard","meta":[],"categories":[49],"tags":[],"_links":{"self":[{"href":"https:\/\/www.lejournalduforkane.com\/index.php\/wp-json\/wp\/v2\/posts\/17989"}],"collection":[{"href":"https:\/\/www.lejournalduforkane.com\/index.php\/wp-json\/wp\/v2\/posts"}],"about":[{"href":"https:\/\/www.lejournalduforkane.com\/index.php\/wp-json\/wp\/v2\/types\/post"}],"author":[{"embeddable":true,"href":"https:\/\/www.lejournalduforkane.com\/index.php\/wp-json\/wp\/v2\/users\/2"}],"replies":[{"embeddable":true,"href":"https:\/\/www.lejournalduforkane.com\/index.php\/wp-json\/wp\/v2\/comments?post=17989"}],"version-history":[{"count":1,"href":"https:\/\/www.lejournalduforkane.com\/index.php\/wp-json\/wp\/v2\/posts\/17989\/revisions"}],"predecessor-version":[{"id":17991,"href":"https:\/\/www.lejournalduforkane.com\/index.php\/wp-json\/wp\/v2\/posts\/17989\/revisions\/17991"}],"wp:attachment":[{"href":"https:\/\/www.lejournalduforkane.com\/index.php\/wp-json\/wp\/v2\/media?parent=17989"}],"wp:term":[{"taxonomy":"category","embeddable":true,"href":"https:\/\/www.lejournalduforkane.com\/index.php\/wp-json\/wp\/v2\/categories?post=17989"},{"taxonomy":"post_tag","embeddable":true,"href":"https:\/\/www.lejournalduforkane.com\/index.php\/wp-json\/wp\/v2\/tags?post=17989"}],"curies":[{"name":"wp","href":"https:\/\/api.w.org\/{rel}","templated":true}]}}